{"id":3565,"date":"2022-06-14T13:12:51","date_gmt":"2022-06-14T16:12:51","guid":{"rendered":"https:\/\/cvmarj.org.br\/site\/?p=3565"},"modified":"2022-06-14T13:20:06","modified_gmt":"2022-06-14T16:20:06","slug":"1-a-festa-junina-do-cvmarj","status":"publish","type":"post","link":"https:\/\/cvmarj.org.br\/site\/index.php\/2022\/06\/14\/1-a-festa-junina-do-cvmarj\/","title":{"rendered":"1 \u00aa FESTA JUNINA DO CVMARJ"},"content":{"rendered":"\n<p>BOM DIA!<\/p>\n\n\n\n<p>As comemora\u00e7\u00f5es n\u00e3o param, ocorrer\u00e3o at\u00e9 o fim do ano, quando completaremos 21 anos, em 2023, as festas continuar\u00e3o\u2026<\/p>\n\n\n\n<p>Dia 25\/06\/22, s\u00e1bado, teremos a 1^ FESTA JUNINA DO CVMARJ, com tudo que temos direito, comidas, salgadas e doces, bebidas, fogueira, m\u00fasica e quadrilha, para S\u00f3cios, Familiares, Amigos e Parceiros, na nova sede, Tubiacanga<\/p>\n\n\n\n<p>Em breve mais informa\u00e7\u00f5es\u2026<\/p>\n\n\n\n<p>O ARRAIAL DO CVMARJ, VAI BOMBAR!!!!!<\/p>\n","protected":false},"excerpt":{"rendered":"<p>BOM DIA! As comemora\u00e7\u00f5es n\u00e3o param, ocorrer\u00e3o at\u00e9 o fim do ano, quando completaremos 21 anos, em 2023, as festas continuar\u00e3o\u2026 Dia 25\/06\/22, s\u00e1bado, teremos a 1^ FESTA JUNINA DO CVMARJ, com tudo que temos direito, comidas, salgadas e doces, bebidas, fogueira, m\u00fasica e quadrilha, para S\u00f3cios, Familiares, Amigos e Parceiros, na nova sede, Tubiacanga&hellip;&nbsp;<a href=\"https:\/\/cvmarj.org.br\/site\/index.php\/2022\/06\/14\/1-a-festa-junina-do-cvmarj\/\" class=\"\" rel=\"bookmark\">Ler mais &raquo;<span class=\"screen-reader-text\">1 \u00aa FESTA JUNINA DO CVMARJ<\/span><\/a><\/p>\n","protected":false},"author":1,"featured_media":3568,"comment_status":"closed","ping_status":"closed","sticky":false,"template":"","format":"standard","meta":{"neve_meta_sidebar":"full-width","neve_meta_container":"","neve_meta_enable_content_width":"","neve_meta_content_width":0,"neve_meta_title_alignment":"center","neve_meta_author_avatar":"","neve_post_elements_order":"[\"title\",\"meta\",\"content\",\"tags\",\"comments\"]","neve_meta_disable_header":"","neve_meta_disable_footer":"","neve_meta_disable_title":"","footnotes":""},"categories":[9],"tags":[],"_links":{"self":[{"href":"https:\/\/cvmarj.org.br\/site\/index.php\/wp-json\/wp\/v2\/posts\/3565"}],"collection":[{"href":"https:\/\/cvmarj.org.br\/site\/index.php\/wp-json\/wp\/v2\/posts"}],"about":[{"href":"https:\/\/cvmarj.org.br\/site\/index.php\/wp-json\/wp\/v2\/types\/post"}],"author":[{"embeddable":true,"href":"https:\/\/cvmarj.org.br\/site\/index.php\/wp-json\/wp\/v2\/users\/1"}],"replies":[{"embeddable":true,"href":"https:\/\/cvmarj.org.br\/site\/index.php\/wp-json\/wp\/v2\/comments?post=3565"}],"version-history":[{"count":1,"href":"https:\/\/cvmarj.org.br\/site\/index.php\/wp-json\/wp\/v2\/posts\/3565\/revisions"}],"predecessor-version":[{"id":3567,"href":"https:\/\/cvmarj.org.br\/site\/index.php\/wp-json\/wp\/v2\/posts\/3565\/revisions\/3567"}],"wp:featuredmedia":[{"embeddable":true,"href":"https:\/\/cvmarj.org.br\/site\/index.php\/wp-json\/wp\/v2\/media\/3568"}],"wp:attachment":[{"href":"https:\/\/cvmarj.org.br\/site\/index.php\/wp-json\/wp\/v2\/media?parent=3565"}],"wp:term":[{"taxonomy":"category","embeddable":true,"href":"https:\/\/cvmarj.org.br\/site\/index.php\/wp-json\/wp\/v2\/categories?post=3565"},{"taxonomy":"post_tag","embeddable":true,"href":"https:\/\/cvmarj.org.br\/site\/index.php\/wp-json\/wp\/v2\/tags?post=3565"}],"curies":[{"name":"wp","href":"https:\/\/api.w.org\/{rel}","templated":true}]}}