{"id":3574,"date":"2022-06-14T13:27:59","date_gmt":"2022-06-14T16:27:59","guid":{"rendered":"https:\/\/cvmarj.org.br\/site\/?p=3574"},"modified":"2022-06-14T13:40:28","modified_gmt":"2022-06-14T16:40:28","slug":"homologacao-da-chapa-tubiacanga","status":"publish","type":"post","link":"https:\/\/cvmarj.org.br\/site\/index.php\/2022\/06\/14\/homologacao-da-chapa-tubiacanga\/","title":{"rendered":"HOMOLOGA\u00c7\u00c3O DA CHAPA TUBIACANGA."},"content":{"rendered":"\n<figure class=\"wp-block-embed is-type-video is-provider-youtube wp-block-embed-youtube wp-embed-aspect-16-9 wp-has-aspect-ratio\"><div class=\"wp-block-embed__wrapper\">\n<div class=\"nv-iframe-embed\"><iframe title=\"ELEI\u00c7\u00d5ES - 2022 @CVMARJ - BRASIL\" width=\"1200\" height=\"675\" src=\"https:\/\/www.youtube.com\/embed\/poEqCJAPTqo?feature=oembed\" frameborder=\"0\" allow=\"accelerometer; autoplay; clipboard-write; encrypted-media; gyroscope; picture-in-picture\" allowfullscreen><\/iframe><\/div>\n<\/div><\/figure>\n\n\n\n<p>HOJE, FOI HOMOLOGADA A VIT\u00d3RIA DA CHAPA TUBIACANGA, EM REUNI\u00c3O NA NOVA SEDE DO CLUBE.<\/p>\n\n\n\n<p>AGRADE\u00c7O AOS ANTIGOS MEMBROS DA DIRETORIA QUE FORAM SUBSTITU\u00cdDOS, PELA DEDICA\u00c7\u00c3O, EMPENHO E RESPONSABILIDADE QUE DESEMPENHARAM SUAS FUN\u00c7\u00d5ES NA ANTIGA CHAPA.<\/p>\n\n\n\n<p>NOVA DIRETORIA.<\/p>\n\n\n\n<ul><li>PRESIDENTE: CAPELLA.<\/li><li>VICE PRESIDENTE: ZECA.<\/li><li>DIR T\u00c9CNICO: ZEZINHO.<\/li><li>DIRETOR RP: CARLOS DIAS.<\/li><li>DIRETOR TESOUREIRO: VARGAS.<\/li><li>DIRETOR SECRET\u00c1RIO: HOMERO.<\/li><li>DIRETOR JUR\u00cdDICO: OLIVEIRA.<\/li><\/ul>\n\n\n\n<p>NOVO CONSELHO:<\/p>\n\n\n\n<ul><li>MAGNO.<\/li><li>ALVARO.<\/li><li>TURCHETTO.<\/li><li>RODOLFO LOUREN\u00c7O.<\/li><li>MAURO PIMP\u00c3O.<\/li><\/ul>\n\n\n\n<p>CONSELHO SUPLENTE:<\/p>\n\n\n\n<ul><li>DENIS.<\/li><li>GENIVAL.<\/li><li>MAURICIO.<\/li><li>MELGA\u00c7O.<\/li><li>ADEILTON.<\/li><\/ul>\n\n\n\n<p>AGRADE\u00c7O EM ESPECIAL AOS S\u00d3CIOS QUE MESMO ENFRENTANDO FRIO E CHUVA, COMPARECERAM PARA CONFIRMAR A NOVA CHAPA.<\/p>\n\n\n\n<p>SEGUIMOS EM FRENTE!<\/p>\n\n\n\n<p>AT.<\/p>\n\n\n\n<p>S\u00c9RGIO CAPELLA.<br>PRESIDENTE DO CVMARJ.<\/p>\n","protected":false},"excerpt":{"rendered":"<p>HOJE, FOI HOMOLOGADA A VIT\u00d3RIA DA CHAPA TUBIACANGA, EM REUNI\u00c3O NA NOVA SEDE DO CLUBE. AGRADE\u00c7O AOS ANTIGOS MEMBROS DA DIRETORIA QUE FORAM SUBSTITU\u00cdDOS, PELA DEDICA\u00c7\u00c3O, EMPENHO E RESPONSABILIDADE QUE DESEMPENHARAM SUAS FUN\u00c7\u00d5ES NA ANTIGA CHAPA. NOVA DIRETORIA. PRESIDENTE: CAPELLA. VICE PRESIDENTE: ZECA. DIR T\u00c9CNICO: ZEZINHO. DIRETOR RP: CARLOS DIAS. DIRETOR TESOUREIRO: VARGAS. DIRETOR SECRET\u00c1RIO:&hellip;&nbsp;<a href=\"https:\/\/cvmarj.org.br\/site\/index.php\/2022\/06\/14\/homologacao-da-chapa-tubiacanga\/\" class=\"\" rel=\"bookmark\">Ler mais &raquo;<span class=\"screen-reader-text\">HOMOLOGA\u00c7\u00c3O DA CHAPA TUBIACANGA.<\/span><\/a><\/p>\n","protected":false},"author":1,"featured_media":3568,"comment_status":"closed","ping_status":"closed","sticky":false,"template":"","format":"standard","meta":{"neve_meta_sidebar":"full-width","neve_meta_container":"","neve_meta_enable_content_width":"","neve_meta_content_width":0,"neve_meta_title_alignment":"center","neve_meta_author_avatar":"","neve_post_elements_order":"[\"title\",\"meta\",\"content\",\"tags\",\"comments\"]","neve_meta_disable_header":"","neve_meta_disable_footer":"","neve_meta_disable_title":"","footnotes":""},"categories":[9],"tags":[],"_links":{"self":[{"href":"https:\/\/cvmarj.org.br\/site\/index.php\/wp-json\/wp\/v2\/posts\/3574"}],"collection":[{"href":"https:\/\/cvmarj.org.br\/site\/index.php\/wp-json\/wp\/v2\/posts"}],"about":[{"href":"https:\/\/cvmarj.org.br\/site\/index.php\/wp-json\/wp\/v2\/types\/post"}],"author":[{"embeddable":true,"href":"https:\/\/cvmarj.org.br\/site\/index.php\/wp-json\/wp\/v2\/users\/1"}],"replies":[{"embeddable":true,"href":"https:\/\/cvmarj.org.br\/site\/index.php\/wp-json\/wp\/v2\/comments?post=3574"}],"version-history":[{"count":2,"href":"https:\/\/cvmarj.org.br\/site\/index.php\/wp-json\/wp\/v2\/posts\/3574\/revisions"}],"predecessor-version":[{"id":3592,"href":"https:\/\/cvmarj.org.br\/site\/index.php\/wp-json\/wp\/v2\/posts\/3574\/revisions\/3592"}],"wp:featuredmedia":[{"embeddable":true,"href":"https:\/\/cvmarj.org.br\/site\/index.php\/wp-json\/wp\/v2\/media\/3568"}],"wp:attachment":[{"href":"https:\/\/cvmarj.org.br\/site\/index.php\/wp-json\/wp\/v2\/media?parent=3574"}],"wp:term":[{"taxonomy":"category","embeddable":true,"href":"https:\/\/cvmarj.org.br\/site\/index.php\/wp-json\/wp\/v2\/categories?post=3574"},{"taxonomy":"post_tag","embeddable":true,"href":"https:\/\/cvmarj.org.br\/site\/index.php\/wp-json\/wp\/v2\/tags?post=3574"}],"curies":[{"name":"wp","href":"https:\/\/api.w.org\/{rel}","templated":true}]}}