{"id":3576,"date":"2022-06-14T13:33:56","date_gmt":"2022-06-14T16:33:56","guid":{"rendered":"https:\/\/cvmarj.org.br\/site\/?p=3576"},"modified":"2022-06-14T13:44:16","modified_gmt":"2022-06-14T16:44:16","slug":"cvmarj-recebe-evento-da-acig","status":"publish","type":"post","link":"https:\/\/cvmarj.org.br\/site\/index.php\/2022\/06\/14\/cvmarj-recebe-evento-da-acig\/","title":{"rendered":"CVMARJ, RECEBE EVENTO DA ACIG."},"content":{"rendered":"\n<p>RJ, RJ, 12\/06\/2022.<\/p>\n\n\n\n<p>CVMARJ, RECEBE EVENTO DA ACIG.<\/p>\n\n\n\n<p>HOJE, DOMINGO, 12\/06\/2022, RECEBEMOS NA NOVA SEDE EM TUBIACANGA, UM EVENTO DA ACIG _ ASSOCIA\u00c7\u00c3O DOS CICLISTAS DA ILHA DO GOVERNADOR, QUE FIZERAM UM AUTO T\u00c9CNICO NAS NOSSAS INSTALA\u00c7\u00d5ES.<\/p>\n\n\n\n<p>O GRANDE P\u00daBLICO QUE FAZIA PARTE DO COMBOIO, ESCOLTADO POR VTRS DA PMERJ E GMRIO, APROVEITARAM AS BELEZAS QUE NOSSA SEDE OFERECE AOS VISITANTES.<\/p>\n\n\n\n<p>NA OCASI\u00c3O, TAMB\u00c9M FOI PLANTADA POR JOVENS CICLISTAS UMA \u00c1RVORE QUE COM CERTEZA TRAR\u00c1 BOAS SOMBRAS NO FUTURO.<\/p>\n\n\n\n<p>MAIS UMA A\u00c7\u00c3O C\u00cdVICA, CULTURAL E ESPORTIVA QUE DESENVOLVEMOS NA REGI\u00c3O.<\/p>\n\n\n\n<p>SOMOS CVMARJ!<\/p>\n\n\n\n<p>VAMOS EM FRENTE!<\/p>\n\n\n\n<p>AT.<\/p>\n\n\n\n<p>S\u00c9RGIO CAPELLA.<br>PRESIDENTE DO CVMARJ.<\/p>\n\n\n\n<p><\/p>\n\n\n\n<figure class=\"wp-block-gallery has-nested-images columns-default is-cropped wp-block-gallery-1 is-layout-flex wp-block-gallery-is-layout-flex\">\n<figure class=\"wp-block-image size-large\"><img fetchpriority=\"high\" decoding=\"async\" width=\"1599\" height=\"738\" data-id=\"3588\" src=\"http:\/\/cvmarj.org.br\/site\/wp-content\/uploads\/2022\/06\/333a3c72-df3f-425b-a4fd-057dfc482feb.jpg\" alt=\"\" class=\"wp-image-3588\" srcset=\"https:\/\/cvmarj.org.br\/site\/wp-content\/uploads\/2022\/06\/333a3c72-df3f-425b-a4fd-057dfc482feb.jpg 1599w, https:\/\/cvmarj.org.br\/site\/wp-content\/uploads\/2022\/06\/333a3c72-df3f-425b-a4fd-057dfc482feb-300x138.jpg 300w, https:\/\/cvmarj.org.br\/site\/wp-content\/uploads\/2022\/06\/333a3c72-df3f-425b-a4fd-057dfc482feb-1024x473.jpg 1024w, https:\/\/cvmarj.org.br\/site\/wp-content\/uploads\/2022\/06\/333a3c72-df3f-425b-a4fd-057dfc482feb-768x354.jpg 768w, https:\/\/cvmarj.org.br\/site\/wp-content\/uploads\/2022\/06\/333a3c72-df3f-425b-a4fd-057dfc482feb-1536x709.jpg 1536w\" sizes=\"(max-width: 1599px) 100vw, 1599px\" \/><\/figure>\n\n\n\n<figure class=\"wp-block-image size-large\"><img decoding=\"async\" width=\"1599\" height=\"738\" data-id=\"3587\" src=\"http:\/\/cvmarj.org.br\/site\/wp-content\/uploads\/2022\/06\/191ca971-eba0-4649-b198-262df9f545fd.jpg\" alt=\"\" class=\"wp-image-3587\" srcset=\"https:\/\/cvmarj.org.br\/site\/wp-content\/uploads\/2022\/06\/191ca971-eba0-4649-b198-262df9f545fd.jpg 1599w, https:\/\/cvmarj.org.br\/site\/wp-content\/uploads\/2022\/06\/191ca971-eba0-4649-b198-262df9f545fd-300x138.jpg 300w, https:\/\/cvmarj.org.br\/site\/wp-content\/uploads\/2022\/06\/191ca971-eba0-4649-b198-262df9f545fd-1024x473.jpg 1024w, https:\/\/cvmarj.org.br\/site\/wp-content\/uploads\/2022\/06\/191ca971-eba0-4649-b198-262df9f545fd-768x354.jpg 768w, https:\/\/cvmarj.org.br\/site\/wp-content\/uploads\/2022\/06\/191ca971-eba0-4649-b198-262df9f545fd-1536x709.jpg 1536w\" sizes=\"(max-width: 1599px) 100vw, 1599px\" \/><\/figure>\n\n\n\n<figure class=\"wp-block-image size-large\"><img decoding=\"async\" width=\"1599\" height=\"738\" data-id=\"3586\" src=\"http:\/\/cvmarj.org.br\/site\/wp-content\/uploads\/2022\/06\/b430a359-574b-4e0a-b349-268e37de26d7.jpg\" alt=\"\" class=\"wp-image-3586\" srcset=\"https:\/\/cvmarj.org.br\/site\/wp-content\/uploads\/2022\/06\/b430a359-574b-4e0a-b349-268e37de26d7.jpg 1599w, https:\/\/cvmarj.org.br\/site\/wp-content\/uploads\/2022\/06\/b430a359-574b-4e0a-b349-268e37de26d7-300x138.jpg 300w, https:\/\/cvmarj.org.br\/site\/wp-content\/uploads\/2022\/06\/b430a359-574b-4e0a-b349-268e37de26d7-1024x473.jpg 1024w, https:\/\/cvmarj.org.br\/site\/wp-content\/uploads\/2022\/06\/b430a359-574b-4e0a-b349-268e37de26d7-768x354.jpg 768w, https:\/\/cvmarj.org.br\/site\/wp-content\/uploads\/2022\/06\/b430a359-574b-4e0a-b349-268e37de26d7-1536x709.jpg 1536w\" sizes=\"(max-width: 1599px) 100vw, 1599px\" \/><\/figure>\n\n\n\n<figure class=\"wp-block-image size-large\"><img loading=\"lazy\" decoding=\"async\" width=\"1599\" height=\"738\" data-id=\"3585\" src=\"http:\/\/cvmarj.org.br\/site\/wp-content\/uploads\/2022\/06\/f6b219fa-4c9b-412f-9831-efae00684396.jpg\" alt=\"\" class=\"wp-image-3585\" srcset=\"https:\/\/cvmarj.org.br\/site\/wp-content\/uploads\/2022\/06\/f6b219fa-4c9b-412f-9831-efae00684396.jpg 1599w, https:\/\/cvmarj.org.br\/site\/wp-content\/uploads\/2022\/06\/f6b219fa-4c9b-412f-9831-efae00684396-300x138.jpg 300w, https:\/\/cvmarj.org.br\/site\/wp-content\/uploads\/2022\/06\/f6b219fa-4c9b-412f-9831-efae00684396-1024x473.jpg 1024w, https:\/\/cvmarj.org.br\/site\/wp-content\/uploads\/2022\/06\/f6b219fa-4c9b-412f-9831-efae00684396-768x354.jpg 768w, https:\/\/cvmarj.org.br\/site\/wp-content\/uploads\/2022\/06\/f6b219fa-4c9b-412f-9831-efae00684396-1536x709.jpg 1536w\" sizes=\"(max-width: 1599px) 100vw, 1599px\" \/><\/figure>\n\n\n\n<figure class=\"wp-block-image size-large\"><img loading=\"lazy\" decoding=\"async\" width=\"1599\" height=\"738\" data-id=\"3584\" src=\"http:\/\/cvmarj.org.br\/site\/wp-content\/uploads\/2022\/06\/bb8ef32c-26f4-47c8-9249-49cebecddc6e.jpg\" alt=\"\" class=\"wp-image-3584\" srcset=\"https:\/\/cvmarj.org.br\/site\/wp-content\/uploads\/2022\/06\/bb8ef32c-26f4-47c8-9249-49cebecddc6e.jpg 1599w, https:\/\/cvmarj.org.br\/site\/wp-content\/uploads\/2022\/06\/bb8ef32c-26f4-47c8-9249-49cebecddc6e-300x138.jpg 300w, https:\/\/cvmarj.org.br\/site\/wp-content\/uploads\/2022\/06\/bb8ef32c-26f4-47c8-9249-49cebecddc6e-1024x473.jpg 1024w, https:\/\/cvmarj.org.br\/site\/wp-content\/uploads\/2022\/06\/bb8ef32c-26f4-47c8-9249-49cebecddc6e-768x354.jpg 768w, https:\/\/cvmarj.org.br\/site\/wp-content\/uploads\/2022\/06\/bb8ef32c-26f4-47c8-9249-49cebecddc6e-1536x709.jpg 1536w\" sizes=\"(max-width: 1599px) 100vw, 1599px\" \/><\/figure>\n\n\n\n<figure class=\"wp-block-image size-large\"><img loading=\"lazy\" decoding=\"async\" width=\"1599\" height=\"738\" data-id=\"3579\" src=\"http:\/\/cvmarj.org.br\/site\/wp-content\/uploads\/2022\/06\/e0d7b827-d0e4-414c-a1de-1a152138d832.jpg\" alt=\"\" class=\"wp-image-3579\" srcset=\"https:\/\/cvmarj.org.br\/site\/wp-content\/uploads\/2022\/06\/e0d7b827-d0e4-414c-a1de-1a152138d832.jpg 1599w, https:\/\/cvmarj.org.br\/site\/wp-content\/uploads\/2022\/06\/e0d7b827-d0e4-414c-a1de-1a152138d832-300x138.jpg 300w, https:\/\/cvmarj.org.br\/site\/wp-content\/uploads\/2022\/06\/e0d7b827-d0e4-414c-a1de-1a152138d832-1024x473.jpg 1024w, https:\/\/cvmarj.org.br\/site\/wp-content\/uploads\/2022\/06\/e0d7b827-d0e4-414c-a1de-1a152138d832-768x354.jpg 768w, https:\/\/cvmarj.org.br\/site\/wp-content\/uploads\/2022\/06\/e0d7b827-d0e4-414c-a1de-1a152138d832-1536x709.jpg 1536w\" sizes=\"(max-width: 1599px) 100vw, 1599px\" \/><\/figure>\n\n\n\n<figure class=\"wp-block-image size-large\"><img loading=\"lazy\" decoding=\"async\" width=\"1600\" height=\"737\" data-id=\"3580\" src=\"http:\/\/cvmarj.org.br\/site\/wp-content\/uploads\/2022\/06\/afd347da-a84a-4f45-abd3-e61866b4df76.jpg\" alt=\"\" class=\"wp-image-3580\" srcset=\"https:\/\/cvmarj.org.br\/site\/wp-content\/uploads\/2022\/06\/afd347da-a84a-4f45-abd3-e61866b4df76.jpg 1600w, https:\/\/cvmarj.org.br\/site\/wp-content\/uploads\/2022\/06\/afd347da-a84a-4f45-abd3-e61866b4df76-300x138.jpg 300w, https:\/\/cvmarj.org.br\/site\/wp-content\/uploads\/2022\/06\/afd347da-a84a-4f45-abd3-e61866b4df76-1024x472.jpg 1024w, https:\/\/cvmarj.org.br\/site\/wp-content\/uploads\/2022\/06\/afd347da-a84a-4f45-abd3-e61866b4df76-768x354.jpg 768w, https:\/\/cvmarj.org.br\/site\/wp-content\/uploads\/2022\/06\/afd347da-a84a-4f45-abd3-e61866b4df76-1536x708.jpg 1536w\" sizes=\"(max-width: 1600px) 100vw, 1600px\" \/><\/figure>\n\n\n\n<figure class=\"wp-block-image size-large\"><img loading=\"lazy\" decoding=\"async\" width=\"1599\" height=\"738\" data-id=\"3581\" src=\"http:\/\/cvmarj.org.br\/site\/wp-content\/uploads\/2022\/06\/1dea292b-1121-4d4b-8e7b-6bfa9251ea05.jpg\" alt=\"\" class=\"wp-image-3581\" srcset=\"https:\/\/cvmarj.org.br\/site\/wp-content\/uploads\/2022\/06\/1dea292b-1121-4d4b-8e7b-6bfa9251ea05.jpg 1599w, https:\/\/cvmarj.org.br\/site\/wp-content\/uploads\/2022\/06\/1dea292b-1121-4d4b-8e7b-6bfa9251ea05-300x138.jpg 300w, https:\/\/cvmarj.org.br\/site\/wp-content\/uploads\/2022\/06\/1dea292b-1121-4d4b-8e7b-6bfa9251ea05-1024x473.jpg 1024w, https:\/\/cvmarj.org.br\/site\/wp-content\/uploads\/2022\/06\/1dea292b-1121-4d4b-8e7b-6bfa9251ea05-768x354.jpg 768w, https:\/\/cvmarj.org.br\/site\/wp-content\/uploads\/2022\/06\/1dea292b-1121-4d4b-8e7b-6bfa9251ea05-1536x709.jpg 1536w\" sizes=\"(max-width: 1599px) 100vw, 1599px\" \/><\/figure>\n\n\n\n<figure class=\"wp-block-image size-large\"><img loading=\"lazy\" decoding=\"async\" width=\"1599\" height=\"738\" data-id=\"3582\" src=\"http:\/\/cvmarj.org.br\/site\/wp-content\/uploads\/2022\/06\/6a2a0a5a-f90a-467b-a98b-673d3bc26afb.jpg\" alt=\"\" class=\"wp-image-3582\" srcset=\"https:\/\/cvmarj.org.br\/site\/wp-content\/uploads\/2022\/06\/6a2a0a5a-f90a-467b-a98b-673d3bc26afb.jpg 1599w, https:\/\/cvmarj.org.br\/site\/wp-content\/uploads\/2022\/06\/6a2a0a5a-f90a-467b-a98b-673d3bc26afb-300x138.jpg 300w, https:\/\/cvmarj.org.br\/site\/wp-content\/uploads\/2022\/06\/6a2a0a5a-f90a-467b-a98b-673d3bc26afb-1024x473.jpg 1024w, https:\/\/cvmarj.org.br\/site\/wp-content\/uploads\/2022\/06\/6a2a0a5a-f90a-467b-a98b-673d3bc26afb-768x354.jpg 768w, https:\/\/cvmarj.org.br\/site\/wp-content\/uploads\/2022\/06\/6a2a0a5a-f90a-467b-a98b-673d3bc26afb-1536x709.jpg 1536w\" sizes=\"(max-width: 1599px) 100vw, 1599px\" \/><\/figure>\n\n\n\n<figure class=\"wp-block-image size-large\"><img loading=\"lazy\" decoding=\"async\" width=\"1599\" height=\"738\" data-id=\"3583\" src=\"http:\/\/cvmarj.org.br\/site\/wp-content\/uploads\/2022\/06\/6748c161-61b0-4ce2-88fc-aeb7fe604c1e.jpg\" alt=\"\" class=\"wp-image-3583\" srcset=\"https:\/\/cvmarj.org.br\/site\/wp-content\/uploads\/2022\/06\/6748c161-61b0-4ce2-88fc-aeb7fe604c1e.jpg 1599w, https:\/\/cvmarj.org.br\/site\/wp-content\/uploads\/2022\/06\/6748c161-61b0-4ce2-88fc-aeb7fe604c1e-300x138.jpg 300w, https:\/\/cvmarj.org.br\/site\/wp-content\/uploads\/2022\/06\/6748c161-61b0-4ce2-88fc-aeb7fe604c1e-1024x473.jpg 1024w, https:\/\/cvmarj.org.br\/site\/wp-content\/uploads\/2022\/06\/6748c161-61b0-4ce2-88fc-aeb7fe604c1e-768x354.jpg 768w, https:\/\/cvmarj.org.br\/site\/wp-content\/uploads\/2022\/06\/6748c161-61b0-4ce2-88fc-aeb7fe604c1e-1536x709.jpg 1536w\" sizes=\"(max-width: 1599px) 100vw, 1599px\" \/><\/figure>\n<\/figure>\n","protected":false},"excerpt":{"rendered":"<p>RJ, RJ, 12\/06\/2022. CVMARJ, RECEBE EVENTO DA ACIG. HOJE, DOMINGO, 12\/06\/2022, RECEBEMOS NA NOVA SEDE EM TUBIACANGA, UM EVENTO DA ACIG _ ASSOCIA\u00c7\u00c3O DOS CICLISTAS DA ILHA DO GOVERNADOR, QUE FIZERAM UM AUTO T\u00c9CNICO NAS NOSSAS INSTALA\u00c7\u00d5ES. O GRANDE P\u00daBLICO QUE FAZIA PARTE DO COMBOIO, ESCOLTADO POR VTRS DA PMERJ E GMRIO, APROVEITARAM AS BELEZAS&hellip;&nbsp;<a href=\"https:\/\/cvmarj.org.br\/site\/index.php\/2022\/06\/14\/cvmarj-recebe-evento-da-acig\/\" class=\"\" rel=\"bookmark\">Ler mais &raquo;<span class=\"screen-reader-text\">CVMARJ, RECEBE EVENTO DA ACIG.<\/span><\/a><\/p>\n","protected":false},"author":1,"featured_media":3578,"comment_status":"closed","ping_status":"closed","sticky":false,"template":"","format":"standard","meta":{"neve_meta_sidebar":"full-width","neve_meta_container":"","neve_meta_enable_content_width":"","neve_meta_content_width":0,"neve_meta_title_alignment":"center","neve_meta_author_avatar":"","neve_post_elements_order":"[\"title\",\"meta\",\"content\",\"tags\",\"comments\"]","neve_meta_disable_header":"","neve_meta_disable_footer":"","neve_meta_disable_title":"","footnotes":""},"categories":[9],"tags":[],"_links":{"self":[{"href":"https:\/\/cvmarj.org.br\/site\/index.php\/wp-json\/wp\/v2\/posts\/3576"}],"collection":[{"href":"https:\/\/cvmarj.org.br\/site\/index.php\/wp-json\/wp\/v2\/posts"}],"about":[{"href":"https:\/\/cvmarj.org.br\/site\/index.php\/wp-json\/wp\/v2\/types\/post"}],"author":[{"embeddable":true,"href":"https:\/\/cvmarj.org.br\/site\/index.php\/wp-json\/wp\/v2\/users\/1"}],"replies":[{"embeddable":true,"href":"https:\/\/cvmarj.org.br\/site\/index.php\/wp-json\/wp\/v2\/comments?post=3576"}],"version-history":[{"count":3,"href":"https:\/\/cvmarj.org.br\/site\/index.php\/wp-json\/wp\/v2\/posts\/3576\/revisions"}],"predecessor-version":[{"id":3594,"href":"https:\/\/cvmarj.org.br\/site\/index.php\/wp-json\/wp\/v2\/posts\/3576\/revisions\/3594"}],"wp:featuredmedia":[{"embeddable":true,"href":"https:\/\/cvmarj.org.br\/site\/index.php\/wp-json\/wp\/v2\/media\/3578"}],"wp:attachment":[{"href":"https:\/\/cvmarj.org.br\/site\/index.php\/wp-json\/wp\/v2\/media?parent=3576"}],"wp:term":[{"taxonomy":"category","embeddable":true,"href":"https:\/\/cvmarj.org.br\/site\/index.php\/wp-json\/wp\/v2\/categories?post=3576"},{"taxonomy":"post_tag","embeddable":true,"href":"https:\/\/cvmarj.org.br\/site\/index.php\/wp-json\/wp\/v2\/tags?post=3576"}],"curies":[{"name":"wp","href":"https:\/\/api.w.org\/{rel}","templated":true}]}}