{"id":3625,"date":"2022-06-21T11:07:40","date_gmt":"2022-06-21T14:07:40","guid":{"rendered":"https:\/\/cvmarj.org.br\/site\/?p=3625"},"modified":"2022-06-21T11:07:42","modified_gmt":"2022-06-21T14:07:42","slug":"aula-de-zumba-no-cvmarj","status":"publish","type":"post","link":"https:\/\/cvmarj.org.br\/site\/index.php\/2022\/06\/21\/aula-de-zumba-no-cvmarj\/","title":{"rendered":"Aula de ZUMBA no CVMARJ"},"content":{"rendered":"\n<p>Ontem 17\/06\/22,<br>sexta feira, \u00e0s 19:00 h, tivemos a primeira aula de ZUMBA, na nossa arena multifuncional, na sede do CVMARJ, em Tubiacanga, mostrando mais uma vez a nossa inten\u00e7\u00e3o de oferecer benef\u00edcios aos moradores da Regi\u00e3o.<\/p>\n\n\n\n<p>Aguardamos os \u00f3rg\u00e3os p\u00fablicos, municipal, estadual e federal, al\u00e9m de entidades civis e militares, para levar \u00e0 sociedade do local e adjac\u00eancias, eventos sociais, culturais, hist\u00f3ricos, e esportivos.<\/p>\n\n\n\n<p>SOMOS CVMARJ!<\/p>\n\n\n\n<p>VAMOS EM FRENTE!<\/p>\n\n\n\n<p>At.<\/p>\n\n\n\n<p>S\u00e9rgio Capella.<br>Presidente do CVMARJ.<\/p>\n\n\n\n<figure class=\"wp-block-gallery has-nested-images columns-default is-cropped wp-block-gallery-1 is-layout-flex wp-block-gallery-is-layout-flex\">\n<figure class=\"wp-block-image size-large\"><img fetchpriority=\"high\" decoding=\"async\" width=\"1024\" height=\"768\" data-id=\"3627\" src=\"https:\/\/cvmarj.org.br\/site\/wp-content\/uploads\/2022\/06\/e0ee13c6-64ee-4e43-8bc2-d88719357dd9-1-1024x768.jpg\" alt=\"\" class=\"wp-image-3627\" srcset=\"https:\/\/cvmarj.org.br\/site\/wp-content\/uploads\/2022\/06\/e0ee13c6-64ee-4e43-8bc2-d88719357dd9-1-1024x768.jpg 1024w, https:\/\/cvmarj.org.br\/site\/wp-content\/uploads\/2022\/06\/e0ee13c6-64ee-4e43-8bc2-d88719357dd9-1-300x225.jpg 300w, https:\/\/cvmarj.org.br\/site\/wp-content\/uploads\/2022\/06\/e0ee13c6-64ee-4e43-8bc2-d88719357dd9-1-768x576.jpg 768w, https:\/\/cvmarj.org.br\/site\/wp-content\/uploads\/2022\/06\/e0ee13c6-64ee-4e43-8bc2-d88719357dd9-1.jpg 1032w\" sizes=\"(max-width: 1024px) 100vw, 1024px\" \/><\/figure>\n\n\n\n<figure class=\"wp-block-image size-large\"><img decoding=\"async\" width=\"1024\" height=\"768\" data-id=\"3628\" src=\"https:\/\/cvmarj.org.br\/site\/wp-content\/uploads\/2022\/06\/14e9103b-a9ed-4169-8fb3-c74c7d355af6-1024x768.jpg\" alt=\"\" class=\"wp-image-3628\" srcset=\"https:\/\/cvmarj.org.br\/site\/wp-content\/uploads\/2022\/06\/14e9103b-a9ed-4169-8fb3-c74c7d355af6-1024x768.jpg 1024w, https:\/\/cvmarj.org.br\/site\/wp-content\/uploads\/2022\/06\/14e9103b-a9ed-4169-8fb3-c74c7d355af6-300x225.jpg 300w, https:\/\/cvmarj.org.br\/site\/wp-content\/uploads\/2022\/06\/14e9103b-a9ed-4169-8fb3-c74c7d355af6-768x576.jpg 768w, https:\/\/cvmarj.org.br\/site\/wp-content\/uploads\/2022\/06\/14e9103b-a9ed-4169-8fb3-c74c7d355af6.jpg 1032w\" sizes=\"(max-width: 1024px) 100vw, 1024px\" \/><\/figure>\n\n\n\n<figure class=\"wp-block-image size-large\"><img decoding=\"async\" width=\"1024\" height=\"768\" data-id=\"3629\" src=\"https:\/\/cvmarj.org.br\/site\/wp-content\/uploads\/2022\/06\/e0ee13c6-64ee-4e43-8bc2-d88719357dd9-1024x768.jpg\" alt=\"\" class=\"wp-image-3629\" srcset=\"https:\/\/cvmarj.org.br\/site\/wp-content\/uploads\/2022\/06\/e0ee13c6-64ee-4e43-8bc2-d88719357dd9-1024x768.jpg 1024w, https:\/\/cvmarj.org.br\/site\/wp-content\/uploads\/2022\/06\/e0ee13c6-64ee-4e43-8bc2-d88719357dd9-300x225.jpg 300w, https:\/\/cvmarj.org.br\/site\/wp-content\/uploads\/2022\/06\/e0ee13c6-64ee-4e43-8bc2-d88719357dd9-768x576.jpg 768w, https:\/\/cvmarj.org.br\/site\/wp-content\/uploads\/2022\/06\/e0ee13c6-64ee-4e43-8bc2-d88719357dd9.jpg 1032w\" sizes=\"(max-width: 1024px) 100vw, 1024px\" \/><\/figure>\n<\/figure>\n","protected":false},"excerpt":{"rendered":"<p>Ontem 17\/06\/22,sexta feira, \u00e0s 19:00 h, tivemos a primeira aula de ZUMBA, na nossa arena multifuncional, na sede do CVMARJ, em Tubiacanga, mostrando mais uma vez a nossa inten\u00e7\u00e3o de oferecer benef\u00edcios aos moradores da Regi\u00e3o. Aguardamos os \u00f3rg\u00e3os p\u00fablicos, municipal, estadual e federal, al\u00e9m de entidades civis e militares, para levar \u00e0 sociedade do&hellip;&nbsp;<a href=\"https:\/\/cvmarj.org.br\/site\/index.php\/2022\/06\/21\/aula-de-zumba-no-cvmarj\/\" class=\"\" rel=\"bookmark\">Ler mais &raquo;<span class=\"screen-reader-text\">Aula de ZUMBA no CVMARJ<\/span><\/a><\/p>\n","protected":false},"author":1,"featured_media":3626,"comment_status":"open","ping_status":"open","sticky":false,"template":"","format":"standard","meta":{"neve_meta_sidebar":"full-width","neve_meta_container":"","neve_meta_enable_content_width":"","neve_meta_content_width":0,"neve_meta_title_alignment":"center","neve_meta_author_avatar":"","neve_post_elements_order":"[\"title\",\"meta\",\"content\",\"tags\",\"comments\"]","neve_meta_disable_header":"","neve_meta_disable_footer":"","neve_meta_disable_title":"","footnotes":""},"categories":[9],"tags":[],"_links":{"self":[{"href":"https:\/\/cvmarj.org.br\/site\/index.php\/wp-json\/wp\/v2\/posts\/3625"}],"collection":[{"href":"https:\/\/cvmarj.org.br\/site\/index.php\/wp-json\/wp\/v2\/posts"}],"about":[{"href":"https:\/\/cvmarj.org.br\/site\/index.php\/wp-json\/wp\/v2\/types\/post"}],"author":[{"embeddable":true,"href":"https:\/\/cvmarj.org.br\/site\/index.php\/wp-json\/wp\/v2\/users\/1"}],"replies":[{"embeddable":true,"href":"https:\/\/cvmarj.org.br\/site\/index.php\/wp-json\/wp\/v2\/comments?post=3625"}],"version-history":[{"count":1,"href":"https:\/\/cvmarj.org.br\/site\/index.php\/wp-json\/wp\/v2\/posts\/3625\/revisions"}],"predecessor-version":[{"id":3630,"href":"https:\/\/cvmarj.org.br\/site\/index.php\/wp-json\/wp\/v2\/posts\/3625\/revisions\/3630"}],"wp:featuredmedia":[{"embeddable":true,"href":"https:\/\/cvmarj.org.br\/site\/index.php\/wp-json\/wp\/v2\/media\/3626"}],"wp:attachment":[{"href":"https:\/\/cvmarj.org.br\/site\/index.php\/wp-json\/wp\/v2\/media?parent=3625"}],"wp:term":[{"taxonomy":"category","embeddable":true,"href":"https:\/\/cvmarj.org.br\/site\/index.php\/wp-json\/wp\/v2\/categories?post=3625"},{"taxonomy":"post_tag","embeddable":true,"href":"https:\/\/cvmarj.org.br\/site\/index.php\/wp-json\/wp\/v2\/tags?post=3625"}],"curies":[{"name":"wp","href":"https:\/\/api.w.org\/{rel}","templated":true}]}}