{"id":3631,"date":"2022-06-22T06:21:00","date_gmt":"2022-06-22T09:21:00","guid":{"rendered":"https:\/\/cvmarj.org.br\/site\/?p=3631"},"modified":"2022-07-08T11:54:45","modified_gmt":"2022-07-08T14:54:45","slug":"lembranca-15","status":"publish","type":"post","link":"https:\/\/cvmarj.org.br\/site\/index.php\/2022\/06\/22\/lembranca-15\/","title":{"rendered":"Lembran\u00e7a 15"},"content":{"rendered":"\n<p>Minha passagem por Manaus<\/p>\n\n\n\n<p>Por Iber\u00ea Mariano da Silva<br>A Transfer\u00eancia do CMA<\/p>\n\n\n\n<p>O Comando Militar da Amaz\u00f4nia (CMA) foi criado em 17 de outubro de 1956 na cidade de Bel\u00e9m.<\/p>\n\n\n\n<p>Em 1969, acumulando a rec\u00e9m-criada 12\u00aa Regi\u00e3o Militar, o CMA teve sua sede transferida para Manaus.<\/p>\n\n\n\n<p>Para isto, foi dada a miss\u00e3o ao maior entusiasmado com ela, que era o Gen Ex Rodrigo Ot\u00e1vio.<\/p>\n\n\n\n<p>Ele logo p\u00f4s m\u00e3os a obras.<\/p>\n\n\n\n<p>In\u00fameros aquartelamentos come\u00e7aram a ser constru\u00eddos numa estrada erma, na \u00e9poca, que se dirigia para a praia de Ponta Negra.<\/p>\n\n\n\n<p>N\u00e3o s\u00f3 Quart\u00e9is foram arquitetados, mas toda uma infraestrutura, tais como, terraplanagem, arboriza\u00e7\u00e3o, redes de \u00e1gua, esgoto e el\u00e9trica, hot\u00e9is de tr\u00e2nsito, PNRs ( Pr\u00f3prio Nacional Residencial ), arruamentos, aquisi\u00e7\u00e3o de algumas viaturas, aquisi\u00e7\u00e3o de mobili\u00e1rio, provid\u00eancias para transfer\u00eancia das crian\u00e7as para as escolas, etc\u2026<\/p>\n\n\n\n<p>Quanto ao pessoal, se deu um fato interessante.<\/p>\n\n\n\n<p>Ningu\u00e9m queria sair de Bel\u00e9m para Manaus, muito menos as fam\u00edlias.<\/p>\n\n\n\n<p>Todos faziam corpo mole e n\u00e3o acreditavam no evento.<\/p>\n\n\n\n<p>Ent\u00e3o o Gen Rodrigo Ot\u00e1vio colocou no Boletim Interno, que dali a 3 meses estaria despachando no novo QG em Manaus.<\/p>\n\n\n\n<p>Afixou no seletex ( quadro de avisos ) a data e a contagem regressiva.<\/p>\n\n\n\n<p>Passado um m\u00eas, dois meses e nada.<\/p>\n\n\n\n<p>Ningu\u00e9m se mexia.<\/p>\n\n\n\n<p>Faltando dez dias, come\u00e7aram a ver que o evento era para valer.<\/p>\n\n\n\n<p>Come\u00e7ou o \u201ccorre corre\u201d, primeiro um, depois outro, mais outro e depois todos.<\/p>\n\n\n\n<p>V\u00e1rias provid\u00eancias tais como, curr\u00edculos escolares das crian\u00e7as, bancos, malas, empacotamento das demais roupas, prepara\u00e7\u00e3o dos m\u00f3veis, venda ou provid\u00eancias para embarcar os carros em navios com destino para Manaus etc.<\/p>\n\n\n\n<p>Dois dias antes come\u00e7ou a ponte a\u00e9rea, sem parar, dos avi\u00f5es da FAB.<\/p>\n\n\n\n<p>Uma loucura.<\/p>\n\n\n\n<p>Um navio no porto esperando as fam\u00edlias.<\/p>\n\n\n\n<p>Os militares nos avi\u00f5es.<\/p>\n\n\n\n<p>Nem a mudan\u00e7a para Bras\u00edlia fora assim.<\/p>\n\n\n\n<p>No dia marcada, o Gen Rodrigo Ot\u00e1vio estava despachando em seu Gabinete no Novo QG.<\/p>\n\n\n\n<p>Recepcionistas, j\u00e1 preparados e instru\u00eddos, cuidavam das fam\u00edlias.<\/p>\n\n\n\n<p>Tudo fora exaustivamente planejado.<\/p>\n\n\n\n<p>\u00c1rdua \u00e9 a miss\u00e3o de defender e desenvolver a Amaz\u00f4nia, por\u00e9m, muito mais dif\u00edcil, foi a de nossos antepassados de conquist\u00e1-la e mant\u00ea-la.<\/p>\n\n\n\n<p>Minha Transfer\u00eancia para Manaus<\/p>\n\n\n\n<p>Em 1970, ap\u00f3s terminar o Curso B\u00e1sico de Paraquedista ( PQD 21.433 ) e est\u00e1gios, fiz o Curso de Mestre de Salto.<\/p>\n\n\n\n<p>No fim do mesmo, se fazia um \u201ctour\u201d por diversas Zonas de Lan\u00e7amento (ZL), n\u00e3o s\u00f3 para adestrar os instruendos, como tamb\u00e9m avaliar as ZLs.<\/p>\n\n\n\n<p>Uma desta foi a ZL de Flores em Manaus.<\/p>\n\n\n\n<p>O Comando Militar da Amaz\u00f4nia tinha acabado de ser transferido, por for\u00e7a e influ\u00eancia do Gen Ex Rodrigo Ot\u00e1vio, de Bel\u00e9m (PA) para Manaus (AM).<\/p>\n\n\n\n<p>Em l\u00e1 chegando, foi criada a 12\u00aa Regi\u00e3o Militar e, subordinada a ela, a 12\u00aa Companhia de Material B\u00e9lico.<\/p>\n\n\n\n<p>Esta era Comandada pelo Major Haroldo Azevedo da Rosa.<\/p>\n\n\n\n<p>N\u00e3o tinha nem outro Oficial nem Soldados.<\/p>\n\n\n\n<p>Ao saber de minha passagem por Manaus, correu e entrou em contato comigo, me convidando para ser transferido para l\u00e1.<\/p>\n\n\n\n<p>Aceitei de imediato, sem sequer poder entrar em contato com minha querida esposa Tania.<\/p>\n\n\n\n<p>Ao chegar ao Rio do \u201ctour\u201d, j\u00e1 estava transferido.<\/p>\n\n\n\n<p>Como tudo para a Amaz\u00f4nia se realizava rapidamente!!<\/p>\n\n\n\n<p>O problema de falta de Soldados e Cabos Especializados, tamb\u00e9m, foi resolvido rapidamente.<\/p>\n\n\n\n<p>Transferiram-se os mesmos do Nordeste, engajando-os.<\/p>\n\n\n\n<p>Assim, que l\u00e1 cheguei, assumi as fun\u00e7\u00f5es de Sub Cmt, S1, S2, S3, S4, Almoxarife, Aprovisionador, Fiscal, Comandante de todos os Pelot\u00f5es, Diretor dos N\u00facleos do DRCL 12 ( Dep\u00f3sito Regional de Combust\u00edvel e Lubrificantes ), e do N\u00facleo do DRAM 12 ( Dep\u00f3sito Regional de Armamento e Muni\u00e7\u00f5es ).<\/p>\n\n\n\n<p>Pudera, eu era o \u00fanico Oficial de Material B\u00e9lico na Regi\u00e3o.<\/p>\n\n\n\n<p>E a Companhia tinha, agora, dois Oficiais: o Comandante e eu.<\/p>\n\n\n\n<p>Manaus era uma cidade extraordin\u00e1ria e deslumbrante.<\/p>\n\n\n\n<p>J\u00e1 passara por altos e baixos e agora estava se soerguendo gra\u00e7as \u00e0 Zona Franca.<\/p>\n\n\n\n<p>Na dire\u00e7\u00e3o da Ponta Negra, v\u00e1rios aquartelamentos estavam sendo constru\u00eddos.<\/p>\n\n\n\n<p>A cidade, que antes s\u00f3 possu\u00eda tr\u00eas postos de combust\u00edveis operados somente por mulheres, come\u00e7ava a crescer.<\/p>\n\n\n\n<p>Era uma \u00e9poca maravilhosa.<\/p>\n\n\n\n<p>Voc\u00ea n\u00e3o era somente mais um; era algu\u00e9m que estava ajudando.<\/p>\n\n\n\n<p>Sem voc\u00ea, qualquer realiza\u00e7\u00e3o que levasse ao progresso, demoraria um tempo a mais.<\/p>\n\n\n\n<p>Voc\u00ea n\u00e3o era parte de uma comunidade aonde um vizinho de porta num edif\u00edcio mal lhe conhece.<\/p>\n\n\n\n<p>Voc\u00ea pertencia a uma comunidade aonde todos se conheciam, se davam, dialogavam, se solidarizavam e se ajudavam.<\/p>\n\n\n\n<p>Quanto \u00e0s mulheres em Manaus, vale a pena registrar fato ca\u00eddo no esquecimento da hist\u00f3ria.<\/p>\n\n\n\n<p>At\u00e9 pouco tempo atr\u00e1s, Manaus n\u00e3o tinha muitas oportunidades de emprego, ent\u00e3o, os homens desciam para o Sul e as mulheres ficavam.<\/p>\n\n\n\n<p>Resultado \u00e9 que Manaus tinha tr\u00eas mulheres para cada homem.<\/p>\n\n\n\n<p>As mulheres assumiam diversas fun\u00e7\u00f5es que no Sul ainda n\u00e3o eram comuns.<\/p>\n\n\n\n<p>Elas se emancipavam.<\/p>\n\n\n\n<p>Devido a isto, quando se casavam, n\u00e3o aceitavam ficar sob o julgo de um marido machista.<\/p>\n\n\n\n<p>Da\u00ed a grande quantidade de desquites e elas se comportarem desse modo mais livre e liberal.<\/p>\n\n\n\n<p><\/p>\n\n\n\n<p>Gen Bda Eng Mil Veterano Iber\u00ea Mariano da Silva \u2013 Engenheiro Eletr\u00f4nico e Nuclear \u2013 AMAN \u2013 CPEAEX &#8212; \u00a0Turma 1967 \u2013 Material B\u00e9lico<\/p>\n","protected":false},"excerpt":{"rendered":"<p>Minha passagem por Manaus Por Iber\u00ea Mariano da SilvaA Transfer\u00eancia do CMA O Comando Militar da Amaz\u00f4nia (CMA) foi criado em 17 de outubro de 1956 na cidade de Bel\u00e9m. Em 1969, acumulando a rec\u00e9m-criada 12\u00aa Regi\u00e3o Militar, o CMA teve sua sede transferida para Manaus. Para isto, foi dada a miss\u00e3o ao maior entusiasmado&hellip;&nbsp;<a href=\"https:\/\/cvmarj.org.br\/site\/index.php\/2022\/06\/22\/lembranca-15\/\" class=\"\" rel=\"bookmark\">Ler mais &raquo;<span class=\"screen-reader-text\">Lembran\u00e7a 15<\/span><\/a><\/p>\n","protected":false},"author":1,"featured_media":3492,"comment_status":"closed","ping_status":"closed","sticky":false,"template":"","format":"standard","meta":{"neve_meta_sidebar":"full-width","neve_meta_container":"","neve_meta_enable_content_width":"","neve_meta_content_width":0,"neve_meta_title_alignment":"center","neve_meta_author_avatar":"","neve_post_elements_order":"[\"title\",\"meta\",\"content\",\"tags\",\"comments\"]","neve_meta_disable_header":"","neve_meta_disable_footer":"","neve_meta_disable_title":"","footnotes":""},"categories":[16],"tags":[],"_links":{"self":[{"href":"https:\/\/cvmarj.org.br\/site\/index.php\/wp-json\/wp\/v2\/posts\/3631"}],"collection":[{"href":"https:\/\/cvmarj.org.br\/site\/index.php\/wp-json\/wp\/v2\/posts"}],"about":[{"href":"https:\/\/cvmarj.org.br\/site\/index.php\/wp-json\/wp\/v2\/types\/post"}],"author":[{"embeddable":true,"href":"https:\/\/cvmarj.org.br\/site\/index.php\/wp-json\/wp\/v2\/users\/1"}],"replies":[{"embeddable":true,"href":"https:\/\/cvmarj.org.br\/site\/index.php\/wp-json\/wp\/v2\/comments?post=3631"}],"version-history":[{"count":2,"href":"https:\/\/cvmarj.org.br\/site\/index.php\/wp-json\/wp\/v2\/posts\/3631\/revisions"}],"predecessor-version":[{"id":3831,"href":"https:\/\/cvmarj.org.br\/site\/index.php\/wp-json\/wp\/v2\/posts\/3631\/revisions\/3831"}],"wp:featuredmedia":[{"embeddable":true,"href":"https:\/\/cvmarj.org.br\/site\/index.php\/wp-json\/wp\/v2\/media\/3492"}],"wp:attachment":[{"href":"https:\/\/cvmarj.org.br\/site\/index.php\/wp-json\/wp\/v2\/media?parent=3631"}],"wp:term":[{"taxonomy":"category","embeddable":true,"href":"https:\/\/cvmarj.org.br\/site\/index.php\/wp-json\/wp\/v2\/categories?post=3631"},{"taxonomy":"post_tag","embeddable":true,"href":"https:\/\/cvmarj.org.br\/site\/index.php\/wp-json\/wp\/v2\/tags?post=3631"}],"curies":[{"name":"wp","href":"https:\/\/api.w.org\/{rel}","templated":true}]}}