{"id":3788,"date":"2022-07-04T14:48:14","date_gmt":"2022-07-04T17:48:14","guid":{"rendered":"https:\/\/cvmarj.org.br\/site\/?p=3788"},"modified":"2022-07-04T14:48:16","modified_gmt":"2022-07-04T17:48:16","slug":"julho-2022","status":"publish","type":"post","link":"https:\/\/cvmarj.org.br\/site\/index.php\/2022\/07\/04\/julho-2022\/","title":{"rendered":"Julho 2022"},"content":{"rendered":"\n<p>SEGUE NOSSA PREVIS\u00c3O DE ATIVIDADES DE JULHO DE 2022, ATUALIZADA.<\/p>\n\n\n\n<ul><li>01\/07\/22, SEXTA FEIRA, ENCENA\u00c7\u00c3O DA RENDI\u00c7\u00c3O DE FORNOVO, NO COL\u00c9GIO MILITAR DO RIO DE JANEIRO.<\/li><li>02\/07\/22, S\u00c1BADO, REUNI\u00c3O DA NOVA DIRETORIA DO CLUBE, NA SEDE EM TUBIACANGA, IN\u00cdCIO, 10:00 H.<\/li><li>03\/07\/22, DOMINGO, &#8220;PROCISS\u00c3O MAR\u00cdTIMA DE S\u00c3O PEDRO&#8221;, COM SA\u00cdDA E RETORNO, NA SEDE DO CVMARJ, A PARTIR DAS 09:00 H.<\/li><li>07\/07\/22, QUINTA FEIRA, SOLENIDADE COMEMORATIVA DOS 88 ANOS DE CRIA\u00c7\u00c3O DA ESACOSAAE, DESFILE E EXPOSI\u00c7\u00c3O DE MEIOS RODANTES DO CVMARJ, IN\u00cdCIO \u00c0S 15:00 H, NA VILA MILITAR.<\/li><li>17\/07\/22, DOMINGO, ENCONTRO OFICIAL DO CVMARJ, NO MMCLINHARES, A PARTIR DAS 09:00 H, EM S\u00c3O CRIST\u00d3V\u00c3O<\/li><li>18 E 19\/07\/22, SEGUNDA E TER\u00c7A FEIRA, EVENTO NO 1\u00b0BPE, NA TIJUCA.<\/li><li>30\/07\/22, S\u00c1BADO, PORT\u00d5ES ABERTOS NA SEDE, EM TUBIACANGA, IN\u00cdCIO \u00c0S 09:00 H, NA ILHA DO GOVERNADOR.<\/li><\/ul>\n\n\n\n<p>OBS: PROGRAMA\u00c7\u00c3O PODE SOFRER ALTERA\u00c7\u00d5ES.<\/p>\n\n\n\n<p>SOMOS CVMARJ!<\/p>\n\n\n\n<p>VAMOS EM FRENTE!<\/p>\n\n\n\n<p>AT.<\/p>\n\n\n\n<p>S\u00c9RGIO CAPELLA.<br>PRESIDENTE DO CVMARJ.<\/p>\n","protected":false},"excerpt":{"rendered":"<p>SEGUE NOSSA PREVIS\u00c3O DE ATIVIDADES DE JULHO DE 2022, ATUALIZADA. 01\/07\/22, SEXTA FEIRA, ENCENA\u00c7\u00c3O DA RENDI\u00c7\u00c3O DE FORNOVO, NO COL\u00c9GIO MILITAR DO RIO DE JANEIRO. 02\/07\/22, S\u00c1BADO, REUNI\u00c3O DA NOVA DIRETORIA DO CLUBE, NA SEDE EM TUBIACANGA, IN\u00cdCIO, 10:00 H. 03\/07\/22, DOMINGO, &#8220;PROCISS\u00c3O MAR\u00cdTIMA DE S\u00c3O PEDRO&#8221;, COM SA\u00cdDA E RETORNO, NA SEDE DO CVMARJ,&hellip;&nbsp;<a href=\"https:\/\/cvmarj.org.br\/site\/index.php\/2022\/07\/04\/julho-2022\/\" class=\"\" rel=\"bookmark\">Ler mais &raquo;<span class=\"screen-reader-text\">Julho 2022<\/span><\/a><\/p>\n","protected":false},"author":1,"featured_media":0,"comment_status":"closed","ping_status":"closed","sticky":false,"template":"","format":"standard","meta":{"neve_meta_sidebar":"full-width","neve_meta_container":"","neve_meta_enable_content_width":"","neve_meta_content_width":0,"neve_meta_title_alignment":"center","neve_meta_author_avatar":"","neve_post_elements_order":"[\"title\",\"meta\",\"thumbnail\",\"content\",\"tags\",\"comments\"]","neve_meta_disable_header":"","neve_meta_disable_footer":"","neve_meta_disable_title":"","footnotes":""},"categories":[7],"tags":[],"_links":{"self":[{"href":"https:\/\/cvmarj.org.br\/site\/index.php\/wp-json\/wp\/v2\/posts\/3788"}],"collection":[{"href":"https:\/\/cvmarj.org.br\/site\/index.php\/wp-json\/wp\/v2\/posts"}],"about":[{"href":"https:\/\/cvmarj.org.br\/site\/index.php\/wp-json\/wp\/v2\/types\/post"}],"author":[{"embeddable":true,"href":"https:\/\/cvmarj.org.br\/site\/index.php\/wp-json\/wp\/v2\/users\/1"}],"replies":[{"embeddable":true,"href":"https:\/\/cvmarj.org.br\/site\/index.php\/wp-json\/wp\/v2\/comments?post=3788"}],"version-history":[{"count":1,"href":"https:\/\/cvmarj.org.br\/site\/index.php\/wp-json\/wp\/v2\/posts\/3788\/revisions"}],"predecessor-version":[{"id":3789,"href":"https:\/\/cvmarj.org.br\/site\/index.php\/wp-json\/wp\/v2\/posts\/3788\/revisions\/3789"}],"wp:attachment":[{"href":"https:\/\/cvmarj.org.br\/site\/index.php\/wp-json\/wp\/v2\/media?parent=3788"}],"wp:term":[{"taxonomy":"category","embeddable":true,"href":"https:\/\/cvmarj.org.br\/site\/index.php\/wp-json\/wp\/v2\/categories?post=3788"},{"taxonomy":"post_tag","embeddable":true,"href":"https:\/\/cvmarj.org.br\/site\/index.php\/wp-json\/wp\/v2\/tags?post=3788"}],"curies":[{"name":"wp","href":"https:\/\/api.w.org\/{rel}","templated":true}]}}