{"id":3793,"date":"2022-07-04T15:12:23","date_gmt":"2022-07-04T18:12:23","guid":{"rendered":"https:\/\/cvmarj.org.br\/site\/?p=3793"},"modified":"2022-07-04T15:12:25","modified_gmt":"2022-07-04T18:12:25","slug":"visita-a-esacosaae","status":"publish","type":"post","link":"https:\/\/cvmarj.org.br\/site\/index.php\/2022\/07\/04\/visita-a-esacosaae\/","title":{"rendered":"visita \u00e0 EsACosAAe"},"content":{"rendered":"\n<p>Hoje, quinta feira, fizemos uma visita \u00e0 EsACosAAe, na Vila Militar no Rio de Janeiro, junto com uma comitiva da OVART &#8211; ORDEM DOS VETERANOS DE ARTILHARIA, onde recebemos uma excelente recep\u00e7\u00e3o de todos os componentes da Escola, Comandada pelo Tenente Coronel de Artilharia, Maur\u00edcio Jos\u00e9 Lopes de Oliveira.<\/p>\n\n\n\n<p>Visitamos as instala\u00e7\u00f5es da Unidade, onde constatamos as excelentes e modernas instala\u00e7\u00f5es, al\u00e9m do esmero, vivra\u00e7\u00e3o e comprometimento, dos Membros Efetivos e do Corpo de Alunos, principalmente na Formatura Geral da Escola.<\/p>\n\n\n\n<p>Entre as muitas atividades que participamos, cumprimos uma tradi\u00e7\u00e3o criada pelo seu atual Comandante, quando nossa comitiva, plantou uma muda de &#8220;pau brasil&#8221;.<\/p>\n\n\n\n<p>Segue algumas fotos de hoje, e o convite, o<br>para uma apresenta\u00e7\u00e3o do CVMARJ, na solenidade que ser\u00e1 realizada em 07\/07\/22, uma quinta feira, com in\u00edcio \u00e0s 15:00 h, onde ser\u00e3o comemorados os 88 anos de cria\u00e7\u00e3o da Escola.<\/p>\n\n\n\n<p>Agradecemos ao TEN CEL MAUR\u00cdCIO, pela fidalguia e aten\u00e7\u00e3o que recebemos hoje durante a nossa visita.<\/p>\n\n\n\n<p>SOMOS CVMARJ!<\/p>\n\n\n\n<figure class=\"wp-block-gallery has-nested-images columns-default is-cropped wp-block-gallery-1 is-layout-flex wp-block-gallery-is-layout-flex\">\n<figure class=\"wp-block-image size-large\"><img fetchpriority=\"high\" decoding=\"async\" width=\"1599\" height=\"738\" data-id=\"3795\" src=\"http:\/\/cvmarj.org.br\/site\/wp-content\/uploads\/2022\/07\/7437ea46-af9a-46db-ade5-e5c9fc668275.jpg\" alt=\"\" class=\"wp-image-3795\" srcset=\"https:\/\/cvmarj.org.br\/site\/wp-content\/uploads\/2022\/07\/7437ea46-af9a-46db-ade5-e5c9fc668275.jpg 1599w, https:\/\/cvmarj.org.br\/site\/wp-content\/uploads\/2022\/07\/7437ea46-af9a-46db-ade5-e5c9fc668275-300x138.jpg 300w, https:\/\/cvmarj.org.br\/site\/wp-content\/uploads\/2022\/07\/7437ea46-af9a-46db-ade5-e5c9fc668275-1024x473.jpg 1024w, https:\/\/cvmarj.org.br\/site\/wp-content\/uploads\/2022\/07\/7437ea46-af9a-46db-ade5-e5c9fc668275-768x354.jpg 768w, https:\/\/cvmarj.org.br\/site\/wp-content\/uploads\/2022\/07\/7437ea46-af9a-46db-ade5-e5c9fc668275-1536x709.jpg 1536w\" sizes=\"(max-width: 1599px) 100vw, 1599px\" \/><\/figure>\n\n\n\n<figure class=\"wp-block-image size-large\"><img decoding=\"async\" width=\"1200\" height=\"1600\" data-id=\"3794\" src=\"http:\/\/cvmarj.org.br\/site\/wp-content\/uploads\/2022\/07\/39290f28-965e-41a0-807b-b3767f9130c4.jpg\" alt=\"\" class=\"wp-image-3794\" srcset=\"https:\/\/cvmarj.org.br\/site\/wp-content\/uploads\/2022\/07\/39290f28-965e-41a0-807b-b3767f9130c4.jpg 1200w, https:\/\/cvmarj.org.br\/site\/wp-content\/uploads\/2022\/07\/39290f28-965e-41a0-807b-b3767f9130c4-225x300.jpg 225w, https:\/\/cvmarj.org.br\/site\/wp-content\/uploads\/2022\/07\/39290f28-965e-41a0-807b-b3767f9130c4-768x1024.jpg 768w, https:\/\/cvmarj.org.br\/site\/wp-content\/uploads\/2022\/07\/39290f28-965e-41a0-807b-b3767f9130c4-1152x1536.jpg 1152w\" sizes=\"(max-width: 1200px) 100vw, 1200px\" \/><\/figure>\n<\/figure>\n","protected":false},"excerpt":{"rendered":"<p>Hoje, quinta feira, fizemos uma visita \u00e0 EsACosAAe, na Vila Militar no Rio de Janeiro, junto com uma comitiva da OVART &#8211; ORDEM DOS VETERANOS DE ARTILHARIA, onde recebemos uma excelente recep\u00e7\u00e3o de todos os componentes da Escola, Comandada pelo Tenente Coronel de Artilharia, Maur\u00edcio Jos\u00e9 Lopes de Oliveira. Visitamos as instala\u00e7\u00f5es da Unidade, onde&hellip;&nbsp;<a href=\"https:\/\/cvmarj.org.br\/site\/index.php\/2022\/07\/04\/visita-a-esacosaae\/\" class=\"\" rel=\"bookmark\">Ler mais &raquo;<span class=\"screen-reader-text\">visita \u00e0 EsACosAAe<\/span><\/a><\/p>\n","protected":false},"author":1,"featured_media":3796,"comment_status":"closed","ping_status":"closed","sticky":false,"template":"","format":"standard","meta":{"neve_meta_sidebar":"full-width","neve_meta_container":"","neve_meta_enable_content_width":"","neve_meta_content_width":0,"neve_meta_title_alignment":"center","neve_meta_author_avatar":"","neve_post_elements_order":"[\"title\",\"meta\",\"content\",\"tags\",\"comments\"]","neve_meta_disable_header":"","neve_meta_disable_footer":"","neve_meta_disable_title":"","footnotes":""},"categories":[9],"tags":[],"_links":{"self":[{"href":"https:\/\/cvmarj.org.br\/site\/index.php\/wp-json\/wp\/v2\/posts\/3793"}],"collection":[{"href":"https:\/\/cvmarj.org.br\/site\/index.php\/wp-json\/wp\/v2\/posts"}],"about":[{"href":"https:\/\/cvmarj.org.br\/site\/index.php\/wp-json\/wp\/v2\/types\/post"}],"author":[{"embeddable":true,"href":"https:\/\/cvmarj.org.br\/site\/index.php\/wp-json\/wp\/v2\/users\/1"}],"replies":[{"embeddable":true,"href":"https:\/\/cvmarj.org.br\/site\/index.php\/wp-json\/wp\/v2\/comments?post=3793"}],"version-history":[{"count":1,"href":"https:\/\/cvmarj.org.br\/site\/index.php\/wp-json\/wp\/v2\/posts\/3793\/revisions"}],"predecessor-version":[{"id":3797,"href":"https:\/\/cvmarj.org.br\/site\/index.php\/wp-json\/wp\/v2\/posts\/3793\/revisions\/3797"}],"wp:featuredmedia":[{"embeddable":true,"href":"https:\/\/cvmarj.org.br\/site\/index.php\/wp-json\/wp\/v2\/media\/3796"}],"wp:attachment":[{"href":"https:\/\/cvmarj.org.br\/site\/index.php\/wp-json\/wp\/v2\/media?parent=3793"}],"wp:term":[{"taxonomy":"category","embeddable":true,"href":"https:\/\/cvmarj.org.br\/site\/index.php\/wp-json\/wp\/v2\/categories?post=3793"},{"taxonomy":"post_tag","embeddable":true,"href":"https:\/\/cvmarj.org.br\/site\/index.php\/wp-json\/wp\/v2\/tags?post=3793"}],"curies":[{"name":"wp","href":"https:\/\/api.w.org\/{rel}","templated":true}]}}