{"id":3810,"date":"2022-07-04T15:44:54","date_gmt":"2022-07-04T18:44:54","guid":{"rendered":"https:\/\/cvmarj.org.br\/site\/?p=3810"},"modified":"2022-07-04T15:44:56","modified_gmt":"2022-07-04T18:44:56","slug":"cvmarj-abriu-os-portoes","status":"publish","type":"post","link":"https:\/\/cvmarj.org.br\/site\/index.php\/2022\/07\/04\/cvmarj-abriu-os-portoes\/","title":{"rendered":"CVMARJ, abriu os port\u00f5es"},"content":{"rendered":"\n<p>Hoje, domingo, 03\/07\/22, o CVMARJ, abriu os port\u00f5es da sua sede em Tubiacanga, permitindo a partida e retorno da tradicional &#8220;Prociss\u00e3o de S\u00e3o Pedro&#8221;, organizada pela par\u00f3quia de S\u00e3o Sebasti\u00e3o, mostrando que estamos \u00e0 disposi\u00e7\u00e3o da comunidade local, para desenvolver projetos, religiosos, sociais, culturais, hist\u00f3ricos e esportivos.<br>Estamos \u00e0 disposi\u00e7\u00e3o.<\/p>\n\n\n\n<p>VAMOS EM FRENTE!<\/p>\n\n\n\n<p>SOMOS CVMARJ!<\/p>\n\n\n\n<p>At.<\/p>\n\n\n\n<p>S\u00e9rgio Capella.<br>Presidente do CVMARJ.<\/p>\n\n\n\n<figure class=\"wp-block-image size-large\"><img fetchpriority=\"high\" decoding=\"async\" width=\"1024\" height=\"473\" src=\"http:\/\/cvmarj.org.br\/site\/wp-content\/uploads\/2022\/07\/fe4f933a-5509-46b2-8184-c31126ea2edd-1024x473.jpg\" alt=\"\" class=\"wp-image-3818\" srcset=\"https:\/\/cvmarj.org.br\/site\/wp-content\/uploads\/2022\/07\/fe4f933a-5509-46b2-8184-c31126ea2edd-1024x473.jpg 1024w, https:\/\/cvmarj.org.br\/site\/wp-content\/uploads\/2022\/07\/fe4f933a-5509-46b2-8184-c31126ea2edd-300x139.jpg 300w, https:\/\/cvmarj.org.br\/site\/wp-content\/uploads\/2022\/07\/fe4f933a-5509-46b2-8184-c31126ea2edd-768x355.jpg 768w, https:\/\/cvmarj.org.br\/site\/wp-content\/uploads\/2022\/07\/fe4f933a-5509-46b2-8184-c31126ea2edd.jpg 1152w\" sizes=\"(max-width: 1024px) 100vw, 1024px\" \/><\/figure>\n","protected":false},"excerpt":{"rendered":"<p>Hoje, domingo, 03\/07\/22, o CVMARJ, abriu os port\u00f5es da sua sede em Tubiacanga, permitindo a partida e retorno da tradicional &#8220;Prociss\u00e3o de S\u00e3o Pedro&#8221;, organizada pela par\u00f3quia de S\u00e3o Sebasti\u00e3o, mostrando que estamos \u00e0 disposi\u00e7\u00e3o da comunidade local, para desenvolver projetos, religiosos, sociais, culturais, hist\u00f3ricos e esportivos.Estamos \u00e0 disposi\u00e7\u00e3o. VAMOS EM FRENTE! SOMOS CVMARJ! At.&hellip;&nbsp;<a href=\"https:\/\/cvmarj.org.br\/site\/index.php\/2022\/07\/04\/cvmarj-abriu-os-portoes\/\" class=\"\" rel=\"bookmark\">Ler mais &raquo;<span class=\"screen-reader-text\">CVMARJ, abriu os port\u00f5es<\/span><\/a><\/p>\n","protected":false},"author":1,"featured_media":3819,"comment_status":"closed","ping_status":"closed","sticky":false,"template":"","format":"standard","meta":{"neve_meta_sidebar":"full-width","neve_meta_container":"","neve_meta_enable_content_width":"","neve_meta_content_width":0,"neve_meta_title_alignment":"center","neve_meta_author_avatar":"","neve_post_elements_order":"[\"title\",\"meta\",\"content\",\"tags\",\"comments\"]","neve_meta_disable_header":"","neve_meta_disable_footer":"","neve_meta_disable_title":"","footnotes":""},"categories":[9],"tags":[],"_links":{"self":[{"href":"https:\/\/cvmarj.org.br\/site\/index.php\/wp-json\/wp\/v2\/posts\/3810"}],"collection":[{"href":"https:\/\/cvmarj.org.br\/site\/index.php\/wp-json\/wp\/v2\/posts"}],"about":[{"href":"https:\/\/cvmarj.org.br\/site\/index.php\/wp-json\/wp\/v2\/types\/post"}],"author":[{"embeddable":true,"href":"https:\/\/cvmarj.org.br\/site\/index.php\/wp-json\/wp\/v2\/users\/1"}],"replies":[{"embeddable":true,"href":"https:\/\/cvmarj.org.br\/site\/index.php\/wp-json\/wp\/v2\/comments?post=3810"}],"version-history":[{"count":1,"href":"https:\/\/cvmarj.org.br\/site\/index.php\/wp-json\/wp\/v2\/posts\/3810\/revisions"}],"predecessor-version":[{"id":3820,"href":"https:\/\/cvmarj.org.br\/site\/index.php\/wp-json\/wp\/v2\/posts\/3810\/revisions\/3820"}],"wp:featuredmedia":[{"embeddable":true,"href":"https:\/\/cvmarj.org.br\/site\/index.php\/wp-json\/wp\/v2\/media\/3819"}],"wp:attachment":[{"href":"https:\/\/cvmarj.org.br\/site\/index.php\/wp-json\/wp\/v2\/media?parent=3810"}],"wp:term":[{"taxonomy":"category","embeddable":true,"href":"https:\/\/cvmarj.org.br\/site\/index.php\/wp-json\/wp\/v2\/categories?post=3810"},{"taxonomy":"post_tag","embeddable":true,"href":"https:\/\/cvmarj.org.br\/site\/index.php\/wp-json\/wp\/v2\/tags?post=3810"}],"curies":[{"name":"wp","href":"https:\/\/api.w.org\/{rel}","templated":true}]}}