{"id":3848,"date":"2022-07-11T10:49:14","date_gmt":"2022-07-11T13:49:14","guid":{"rendered":"https:\/\/cvmarj.org.br\/site\/?p=3848"},"modified":"2022-07-11T10:49:16","modified_gmt":"2022-07-11T13:49:16","slug":"continuamos-aceitando-doacoes-para-implemento-das-instalacoes-da-nova-sede","status":"publish","type":"post","link":"https:\/\/cvmarj.org.br\/site\/index.php\/2022\/07\/11\/continuamos-aceitando-doacoes-para-implemento-das-instalacoes-da-nova-sede\/","title":{"rendered":"Continuamos aceitando doa\u00e7\u00f5es, para implemento das instala\u00e7\u00f5es da nova sede"},"content":{"rendered":"\n<p>Hoje, s\u00e1bado, 09\/07\/2022, recebemos os azulejos doados pelos S\u00f3cios Jos\u00e9 Carlos e J\u00falio Apolin\u00e1rio.<\/p>\n\n\n\n<p>Estamos com o amigo Douglas, podando as \u00e1rvores junto \u00e0 caixa d&#8217;\u00e1gua.<\/p>\n\n\n\n<p>Recebemos a visita do engenheiro Hugo Alves, vistoriando nossas instala\u00e7\u00f5es e conhecendo o planejamento das nossas obras, al\u00e9m do Tenente Tadeu, Presidente da AORE, que nos visitou com a finalidade de fazer uma parceria estrat\u00e9gica, com o CVMARJ.<\/p>\n\n\n\n<p>Os S\u00f3cios Maur\u00edcio e Melga\u00e7o, do Pelot\u00e3o \u00c1guia, tamb\u00e9m nos visitaram de motocicletas.<\/p>\n\n\n\n<p>A sala da administra\u00e7\u00e3o do Clube, est\u00e1 em fase de pintura geral.<\/p>\n\n\n\n<p>Continuamos aceitando doa\u00e7\u00f5es, para implemento das instala\u00e7\u00f5es da nova sede.<\/p>\n\n\n\n<p>Precisamos da ajuda dos S\u00f3cios que est\u00e3o com anuidades pendentes.<\/p>\n\n\n\n<p>Essas contribui\u00e7\u00f5es pendentes, s\u00e3o muito importantes para a gest\u00e3o administrativa e financeira do CVMARJ.<\/p>\n\n\n\n<p>SOMOS CVMARJ!<\/p>\n\n\n\n<p>VAMOS EM FRENTE!<\/p>\n\n\n\n<figure class=\"wp-block-gallery has-nested-images columns-default is-cropped wp-block-gallery-1 is-layout-flex wp-block-gallery-is-layout-flex\">\n<figure class=\"wp-block-image size-large\"><img fetchpriority=\"high\" decoding=\"async\" width=\"1152\" height=\"532\" data-id=\"3852\" src=\"http:\/\/cvmarj.org.br\/site\/wp-content\/uploads\/2022\/07\/d7168c0b-ae4e-496d-a9cf-393b9f9212de.jpg\" alt=\"\" class=\"wp-image-3852\" srcset=\"https:\/\/cvmarj.org.br\/site\/wp-content\/uploads\/2022\/07\/d7168c0b-ae4e-496d-a9cf-393b9f9212de.jpg 1152w, https:\/\/cvmarj.org.br\/site\/wp-content\/uploads\/2022\/07\/d7168c0b-ae4e-496d-a9cf-393b9f9212de-300x139.jpg 300w, https:\/\/cvmarj.org.br\/site\/wp-content\/uploads\/2022\/07\/d7168c0b-ae4e-496d-a9cf-393b9f9212de-1024x473.jpg 1024w, https:\/\/cvmarj.org.br\/site\/wp-content\/uploads\/2022\/07\/d7168c0b-ae4e-496d-a9cf-393b9f9212de-768x355.jpg 768w\" sizes=\"(max-width: 1152px) 100vw, 1152px\" \/><\/figure>\n\n\n\n<figure class=\"wp-block-image size-large\"><img decoding=\"async\" width=\"1152\" height=\"532\" data-id=\"3850\" src=\"http:\/\/cvmarj.org.br\/site\/wp-content\/uploads\/2022\/07\/9497dc3e-ddb0-4685-b1fc-97f18aa6ccc6.jpg\" alt=\"\" class=\"wp-image-3850\" srcset=\"https:\/\/cvmarj.org.br\/site\/wp-content\/uploads\/2022\/07\/9497dc3e-ddb0-4685-b1fc-97f18aa6ccc6.jpg 1152w, https:\/\/cvmarj.org.br\/site\/wp-content\/uploads\/2022\/07\/9497dc3e-ddb0-4685-b1fc-97f18aa6ccc6-300x139.jpg 300w, https:\/\/cvmarj.org.br\/site\/wp-content\/uploads\/2022\/07\/9497dc3e-ddb0-4685-b1fc-97f18aa6ccc6-1024x473.jpg 1024w, https:\/\/cvmarj.org.br\/site\/wp-content\/uploads\/2022\/07\/9497dc3e-ddb0-4685-b1fc-97f18aa6ccc6-768x355.jpg 768w\" sizes=\"(max-width: 1152px) 100vw, 1152px\" \/><\/figure>\n\n\n\n<figure class=\"wp-block-image size-large\"><img decoding=\"async\" width=\"532\" height=\"1152\" data-id=\"3849\" src=\"http:\/\/cvmarj.org.br\/site\/wp-content\/uploads\/2022\/07\/e82b737f-9e24-40ae-9448-08073e076966.jpg\" alt=\"\" class=\"wp-image-3849\" srcset=\"https:\/\/cvmarj.org.br\/site\/wp-content\/uploads\/2022\/07\/e82b737f-9e24-40ae-9448-08073e076966.jpg 532w, https:\/\/cvmarj.org.br\/site\/wp-content\/uploads\/2022\/07\/e82b737f-9e24-40ae-9448-08073e076966-139x300.jpg 139w, https:\/\/cvmarj.org.br\/site\/wp-content\/uploads\/2022\/07\/e82b737f-9e24-40ae-9448-08073e076966-473x1024.jpg 473w\" sizes=\"(max-width: 532px) 100vw, 532px\" \/><\/figure>\n<\/figure>\n","protected":false},"excerpt":{"rendered":"<p>Hoje, s\u00e1bado, 09\/07\/2022, recebemos os azulejos doados pelos S\u00f3cios Jos\u00e9 Carlos e J\u00falio Apolin\u00e1rio. Estamos com o amigo Douglas, podando as \u00e1rvores junto \u00e0 caixa d&#8217;\u00e1gua. Recebemos a visita do engenheiro Hugo Alves, vistoriando nossas instala\u00e7\u00f5es e conhecendo o planejamento das nossas obras, al\u00e9m do Tenente Tadeu, Presidente da AORE, que nos visitou com a&hellip;&nbsp;<a href=\"https:\/\/cvmarj.org.br\/site\/index.php\/2022\/07\/11\/continuamos-aceitando-doacoes-para-implemento-das-instalacoes-da-nova-sede\/\" class=\"\" rel=\"bookmark\">Ler mais &raquo;<span class=\"screen-reader-text\">Continuamos aceitando doa\u00e7\u00f5es, para implemento das instala\u00e7\u00f5es da nova sede<\/span><\/a><\/p>\n","protected":false},"author":1,"featured_media":3851,"comment_status":"closed","ping_status":"closed","sticky":false,"template":"","format":"standard","meta":{"neve_meta_sidebar":"full-width","neve_meta_container":"","neve_meta_enable_content_width":"","neve_meta_content_width":0,"neve_meta_title_alignment":"center","neve_meta_author_avatar":"","neve_post_elements_order":"[\"title\",\"meta\",\"content\",\"tags\",\"comments\"]","neve_meta_disable_header":"","neve_meta_disable_footer":"","neve_meta_disable_title":"","footnotes":""},"categories":[9],"tags":[],"_links":{"self":[{"href":"https:\/\/cvmarj.org.br\/site\/index.php\/wp-json\/wp\/v2\/posts\/3848"}],"collection":[{"href":"https:\/\/cvmarj.org.br\/site\/index.php\/wp-json\/wp\/v2\/posts"}],"about":[{"href":"https:\/\/cvmarj.org.br\/site\/index.php\/wp-json\/wp\/v2\/types\/post"}],"author":[{"embeddable":true,"href":"https:\/\/cvmarj.org.br\/site\/index.php\/wp-json\/wp\/v2\/users\/1"}],"replies":[{"embeddable":true,"href":"https:\/\/cvmarj.org.br\/site\/index.php\/wp-json\/wp\/v2\/comments?post=3848"}],"version-history":[{"count":1,"href":"https:\/\/cvmarj.org.br\/site\/index.php\/wp-json\/wp\/v2\/posts\/3848\/revisions"}],"predecessor-version":[{"id":3853,"href":"https:\/\/cvmarj.org.br\/site\/index.php\/wp-json\/wp\/v2\/posts\/3848\/revisions\/3853"}],"wp:featuredmedia":[{"embeddable":true,"href":"https:\/\/cvmarj.org.br\/site\/index.php\/wp-json\/wp\/v2\/media\/3851"}],"wp:attachment":[{"href":"https:\/\/cvmarj.org.br\/site\/index.php\/wp-json\/wp\/v2\/media?parent=3848"}],"wp:term":[{"taxonomy":"category","embeddable":true,"href":"https:\/\/cvmarj.org.br\/site\/index.php\/wp-json\/wp\/v2\/categories?post=3848"},{"taxonomy":"post_tag","embeddable":true,"href":"https:\/\/cvmarj.org.br\/site\/index.php\/wp-json\/wp\/v2\/tags?post=3848"}],"curies":[{"name":"wp","href":"https:\/\/api.w.org\/{rel}","templated":true}]}}