{"id":3867,"date":"2022-07-15T23:14:42","date_gmt":"2022-07-16T02:14:42","guid":{"rendered":"https:\/\/cvmarj.org.br\/site\/?p=3867"},"modified":"2022-07-15T23:14:44","modified_gmt":"2022-07-16T02:14:44","slug":"proximos-atividades","status":"publish","type":"post","link":"https:\/\/cvmarj.org.br\/site\/index.php\/2022\/07\/15\/proximos-atividades\/","title":{"rendered":"Pr\u00f3ximos Atividades"},"content":{"rendered":"\n<p>Segue nossas pr\u00f3ximas atividades.<\/p>\n\n\n\n<p>Contamos com a efetiva participa\u00e7\u00e3o dos amigos, entusiastas da nossa causa:<\/p>\n\n\n\n<ul><li>S\u00c1BADO, 16\/07\/22: ATIVIDADES DIVERSAS NA NOSSA SEDE EM TUBIACANGA, A PARTIR DAS &#8220;09:00 H&#8221;, NA ILHA DO GOVERNADOR.<\/li><li>DOMINGO, 17\/07\/22: ENCONTRO MENSAL NO MUSEU MILITAR, CONDE DE LINHARES, DAS &#8220;09:00 \u00c0S 13:00 H&#8221;, EM S\u00c3O CRIST\u00d3V\u00c3O.<\/li><li>TER\u00c7A FEIRA, 19\/07\/23, SEMIN\u00c1RIO SOBRE A FEB, COM PALESTRA DO CVMARJ E EXPOSI\u00c7\u00c3O DE VIATURAS E MOTOS DO CLUBE, A PARTIR DAS &#8220;15:30 H&#8221;, NO 1\u00b0 BPE, NA TIJUCA.<\/li><\/ul>\n\n\n\n<p>VAMOS PARTICIPAR!<\/p>\n\n\n\n<p>SEJA S\u00d3CIO DO CVMARJ!<\/p>\n\n\n\n<p>QUITE SUA ANUIDADE, O CLUBE CONTA COM SEUS ASSOCIADOS!<\/p>\n\n\n\n<p>SOMOS CVMARJ!<\/p>\n\n\n\n<p>VAMOS EM FRENTE!<\/p>\n\n\n\n<p>At.<\/p>\n\n\n\n<p>S\u00e9rgio Capella.<br>Presidente do CVMARJ.<\/p>\n","protected":false},"excerpt":{"rendered":"<p>Segue nossas pr\u00f3ximas atividades. Contamos com a efetiva participa\u00e7\u00e3o dos amigos, entusiastas da nossa causa: S\u00c1BADO, 16\/07\/22: ATIVIDADES DIVERSAS NA NOSSA SEDE EM TUBIACANGA, A PARTIR DAS &#8220;09:00 H&#8221;, NA ILHA DO GOVERNADOR. DOMINGO, 17\/07\/22: ENCONTRO MENSAL NO MUSEU MILITAR, CONDE DE LINHARES, DAS &#8220;09:00 \u00c0S 13:00 H&#8221;, EM S\u00c3O CRIST\u00d3V\u00c3O. TER\u00c7A FEIRA, 19\/07\/23, SEMIN\u00c1RIO&hellip;&nbsp;<a href=\"https:\/\/cvmarj.org.br\/site\/index.php\/2022\/07\/15\/proximos-atividades\/\" class=\"\" rel=\"bookmark\">Ler mais &raquo;<span class=\"screen-reader-text\">Pr\u00f3ximos Atividades<\/span><\/a><\/p>\n","protected":false},"author":1,"featured_media":0,"comment_status":"closed","ping_status":"closed","sticky":false,"template":"","format":"standard","meta":{"neve_meta_sidebar":"","neve_meta_container":"","neve_meta_enable_content_width":"","neve_meta_content_width":0,"neve_meta_title_alignment":"","neve_meta_author_avatar":"","neve_post_elements_order":"","neve_meta_disable_header":"","neve_meta_disable_footer":"","neve_meta_disable_title":"","footnotes":""},"categories":[9],"tags":[],"_links":{"self":[{"href":"https:\/\/cvmarj.org.br\/site\/index.php\/wp-json\/wp\/v2\/posts\/3867"}],"collection":[{"href":"https:\/\/cvmarj.org.br\/site\/index.php\/wp-json\/wp\/v2\/posts"}],"about":[{"href":"https:\/\/cvmarj.org.br\/site\/index.php\/wp-json\/wp\/v2\/types\/post"}],"author":[{"embeddable":true,"href":"https:\/\/cvmarj.org.br\/site\/index.php\/wp-json\/wp\/v2\/users\/1"}],"replies":[{"embeddable":true,"href":"https:\/\/cvmarj.org.br\/site\/index.php\/wp-json\/wp\/v2\/comments?post=3867"}],"version-history":[{"count":1,"href":"https:\/\/cvmarj.org.br\/site\/index.php\/wp-json\/wp\/v2\/posts\/3867\/revisions"}],"predecessor-version":[{"id":3868,"href":"https:\/\/cvmarj.org.br\/site\/index.php\/wp-json\/wp\/v2\/posts\/3867\/revisions\/3868"}],"wp:attachment":[{"href":"https:\/\/cvmarj.org.br\/site\/index.php\/wp-json\/wp\/v2\/media?parent=3867"}],"wp:term":[{"taxonomy":"category","embeddable":true,"href":"https:\/\/cvmarj.org.br\/site\/index.php\/wp-json\/wp\/v2\/categories?post=3867"},{"taxonomy":"post_tag","embeddable":true,"href":"https:\/\/cvmarj.org.br\/site\/index.php\/wp-json\/wp\/v2\/tags?post=3867"}],"curies":[{"name":"wp","href":"https:\/\/api.w.org\/{rel}","templated":true}]}}