{"id":3889,"date":"2022-07-21T20:30:28","date_gmt":"2022-07-21T23:30:28","guid":{"rendered":"https:\/\/cvmarj.org.br\/site\/?p=3889"},"modified":"2022-07-21T20:30:30","modified_gmt":"2022-07-21T23:30:30","slug":"obrigado-claudio-duarte","status":"publish","type":"post","link":"https:\/\/cvmarj.org.br\/site\/index.php\/2022\/07\/21\/obrigado-claudio-duarte\/","title":{"rendered":"Obrigado Claudio Duarte"},"content":{"rendered":"\n<p>Belo exemplo de dedica\u00e7\u00e3o \u00e0 nossa causa.<br>Com certeza sua viatura ser\u00e1 um dos destaques da exposi\u00e7\u00e3o de amanh\u00e3, \u00e0s 16:00 h, na apresenta\u00e7\u00e3o do CVMARJ, no Simp\u00f3sio sobre a 2^ Guerra Mundial, no 1\u00b0 BPE.<\/p>\n\n\n\n<figure class=\"wp-block-gallery has-nested-images columns-default is-cropped wp-block-gallery-1 is-layout-flex wp-block-gallery-is-layout-flex\">\n<figure class=\"wp-block-image size-large\"><img fetchpriority=\"high\" decoding=\"async\" width=\"768\" height=\"1024\" data-id=\"3894\" src=\"https:\/\/cvmarj.org.br\/site\/wp-content\/uploads\/2022\/07\/519aa428-e032-4c35-ad36-c0075b66dae6-768x1024.jpg\" alt=\"\" class=\"wp-image-3894\" srcset=\"https:\/\/cvmarj.org.br\/site\/wp-content\/uploads\/2022\/07\/519aa428-e032-4c35-ad36-c0075b66dae6-768x1024.jpg 768w, https:\/\/cvmarj.org.br\/site\/wp-content\/uploads\/2022\/07\/519aa428-e032-4c35-ad36-c0075b66dae6-225x300.jpg 225w, https:\/\/cvmarj.org.br\/site\/wp-content\/uploads\/2022\/07\/519aa428-e032-4c35-ad36-c0075b66dae6-1152x1536.jpg 1152w, https:\/\/cvmarj.org.br\/site\/wp-content\/uploads\/2022\/07\/519aa428-e032-4c35-ad36-c0075b66dae6.jpg 1512w\" sizes=\"(max-width: 768px) 100vw, 768px\" \/><\/figure>\n\n\n\n<figure class=\"wp-block-image size-large\"><img decoding=\"async\" width=\"1024\" height=\"473\" data-id=\"3893\" src=\"https:\/\/cvmarj.org.br\/site\/wp-content\/uploads\/2022\/07\/665daf52-83ec-4d08-a621-62c1c6912e05-1024x473.jpg\" alt=\"\" class=\"wp-image-3893\" srcset=\"https:\/\/cvmarj.org.br\/site\/wp-content\/uploads\/2022\/07\/665daf52-83ec-4d08-a621-62c1c6912e05-1024x473.jpg 1024w, https:\/\/cvmarj.org.br\/site\/wp-content\/uploads\/2022\/07\/665daf52-83ec-4d08-a621-62c1c6912e05-300x139.jpg 300w, https:\/\/cvmarj.org.br\/site\/wp-content\/uploads\/2022\/07\/665daf52-83ec-4d08-a621-62c1c6912e05-768x355.jpg 768w, https:\/\/cvmarj.org.br\/site\/wp-content\/uploads\/2022\/07\/665daf52-83ec-4d08-a621-62c1c6912e05.jpg 1152w\" sizes=\"(max-width: 1024px) 100vw, 1024px\" \/><\/figure>\n\n\n\n<figure class=\"wp-block-image size-large\"><img decoding=\"async\" width=\"1024\" height=\"473\" data-id=\"3890\" src=\"https:\/\/cvmarj.org.br\/site\/wp-content\/uploads\/2022\/07\/d7d82de6-be28-4f46-83d8-7a524376d9f9-1024x473.jpg\" alt=\"\" class=\"wp-image-3890\" srcset=\"https:\/\/cvmarj.org.br\/site\/wp-content\/uploads\/2022\/07\/d7d82de6-be28-4f46-83d8-7a524376d9f9-1024x473.jpg 1024w, https:\/\/cvmarj.org.br\/site\/wp-content\/uploads\/2022\/07\/d7d82de6-be28-4f46-83d8-7a524376d9f9-300x139.jpg 300w, https:\/\/cvmarj.org.br\/site\/wp-content\/uploads\/2022\/07\/d7d82de6-be28-4f46-83d8-7a524376d9f9-768x355.jpg 768w, https:\/\/cvmarj.org.br\/site\/wp-content\/uploads\/2022\/07\/d7d82de6-be28-4f46-83d8-7a524376d9f9.jpg 1152w\" sizes=\"(max-width: 1024px) 100vw, 1024px\" \/><\/figure>\n\n\n\n<figure class=\"wp-block-image size-large\"><img loading=\"lazy\" decoding=\"async\" width=\"1024\" height=\"473\" data-id=\"3891\" src=\"https:\/\/cvmarj.org.br\/site\/wp-content\/uploads\/2022\/07\/ac1d5068-2c20-44f1-ac85-16db9fae0d91-1024x473.jpg\" alt=\"\" class=\"wp-image-3891\" srcset=\"https:\/\/cvmarj.org.br\/site\/wp-content\/uploads\/2022\/07\/ac1d5068-2c20-44f1-ac85-16db9fae0d91-1024x473.jpg 1024w, https:\/\/cvmarj.org.br\/site\/wp-content\/uploads\/2022\/07\/ac1d5068-2c20-44f1-ac85-16db9fae0d91-300x139.jpg 300w, https:\/\/cvmarj.org.br\/site\/wp-content\/uploads\/2022\/07\/ac1d5068-2c20-44f1-ac85-16db9fae0d91-768x355.jpg 768w, https:\/\/cvmarj.org.br\/site\/wp-content\/uploads\/2022\/07\/ac1d5068-2c20-44f1-ac85-16db9fae0d91.jpg 1152w\" sizes=\"(max-width: 1024px) 100vw, 1024px\" \/><\/figure>\n\n\n\n<figure class=\"wp-block-image size-large\"><img loading=\"lazy\" decoding=\"async\" width=\"1024\" height=\"473\" data-id=\"3892\" src=\"https:\/\/cvmarj.org.br\/site\/wp-content\/uploads\/2022\/07\/ed2b7e52-62a2-4d7b-972d-c57694c8d46e-1024x473.jpg\" alt=\"\" class=\"wp-image-3892\" srcset=\"https:\/\/cvmarj.org.br\/site\/wp-content\/uploads\/2022\/07\/ed2b7e52-62a2-4d7b-972d-c57694c8d46e-1024x473.jpg 1024w, https:\/\/cvmarj.org.br\/site\/wp-content\/uploads\/2022\/07\/ed2b7e52-62a2-4d7b-972d-c57694c8d46e-300x139.jpg 300w, https:\/\/cvmarj.org.br\/site\/wp-content\/uploads\/2022\/07\/ed2b7e52-62a2-4d7b-972d-c57694c8d46e-768x355.jpg 768w, https:\/\/cvmarj.org.br\/site\/wp-content\/uploads\/2022\/07\/ed2b7e52-62a2-4d7b-972d-c57694c8d46e.jpg 1152w\" sizes=\"(max-width: 1024px) 100vw, 1024px\" \/><\/figure>\n<\/figure>\n","protected":false},"excerpt":{"rendered":"<p>Belo exemplo de dedica\u00e7\u00e3o \u00e0 nossa causa.Com certeza sua viatura ser\u00e1 um dos destaques da exposi\u00e7\u00e3o de amanh\u00e3, \u00e0s 16:00 h, na apresenta\u00e7\u00e3o do CVMARJ, no Simp\u00f3sio sobre a 2^ Guerra Mundial, no 1\u00b0 BPE.<\/p>\n","protected":false},"author":1,"featured_media":3895,"comment_status":"closed","ping_status":"closed","sticky":false,"template":"","format":"standard","meta":{"neve_meta_sidebar":"full-width","neve_meta_container":"","neve_meta_enable_content_width":"","neve_meta_content_width":0,"neve_meta_title_alignment":"center","neve_meta_author_avatar":"","neve_post_elements_order":"[\"title\",\"meta\",\"content\",\"tags\",\"comments\"]","neve_meta_disable_header":"","neve_meta_disable_footer":"","neve_meta_disable_title":"","footnotes":""},"categories":[9],"tags":[],"_links":{"self":[{"href":"https:\/\/cvmarj.org.br\/site\/index.php\/wp-json\/wp\/v2\/posts\/3889"}],"collection":[{"href":"https:\/\/cvmarj.org.br\/site\/index.php\/wp-json\/wp\/v2\/posts"}],"about":[{"href":"https:\/\/cvmarj.org.br\/site\/index.php\/wp-json\/wp\/v2\/types\/post"}],"author":[{"embeddable":true,"href":"https:\/\/cvmarj.org.br\/site\/index.php\/wp-json\/wp\/v2\/users\/1"}],"replies":[{"embeddable":true,"href":"https:\/\/cvmarj.org.br\/site\/index.php\/wp-json\/wp\/v2\/comments?post=3889"}],"version-history":[{"count":1,"href":"https:\/\/cvmarj.org.br\/site\/index.php\/wp-json\/wp\/v2\/posts\/3889\/revisions"}],"predecessor-version":[{"id":3896,"href":"https:\/\/cvmarj.org.br\/site\/index.php\/wp-json\/wp\/v2\/posts\/3889\/revisions\/3896"}],"wp:featuredmedia":[{"embeddable":true,"href":"https:\/\/cvmarj.org.br\/site\/index.php\/wp-json\/wp\/v2\/media\/3895"}],"wp:attachment":[{"href":"https:\/\/cvmarj.org.br\/site\/index.php\/wp-json\/wp\/v2\/media?parent=3889"}],"wp:term":[{"taxonomy":"category","embeddable":true,"href":"https:\/\/cvmarj.org.br\/site\/index.php\/wp-json\/wp\/v2\/categories?post=3889"},{"taxonomy":"post_tag","embeddable":true,"href":"https:\/\/cvmarj.org.br\/site\/index.php\/wp-json\/wp\/v2\/tags?post=3889"}],"curies":[{"name":"wp","href":"https:\/\/api.w.org\/{rel}","templated":true}]}}