{"id":3930,"date":"2022-07-21T22:37:17","date_gmt":"2022-07-22T01:37:17","guid":{"rendered":"https:\/\/cvmarj.org.br\/site\/?p=3930"},"modified":"2022-07-21T22:37:18","modified_gmt":"2022-07-22T01:37:18","slug":"obras-na-nossa-sede-nao-param-agora-a-churrasqueira","status":"publish","type":"post","link":"https:\/\/cvmarj.org.br\/site\/index.php\/2022\/07\/21\/obras-na-nossa-sede-nao-param-agora-a-churrasqueira\/","title":{"rendered":"OBRAS NA NOSSA SEDE, N\u00c3O PARAM, AGORA A CHURRASQUEIRA"},"content":{"rendered":"\n<p>BOA NOITE!<\/p>\n\n\n\n<p>OBRAS NA NOSSA SEDE, N\u00c3O PARAM, AGORA A CHURRASQUEIRA.<\/p>\n\n\n\n<p>PRECISAMOS DAS CONTRIBUI\u00c7\u00d5ES DOS S\u00d3CIOS E DOA\u00c7\u00d5ES.<\/p>\n\n\n\n<p>DIA 30\/07\/2022, TEREMOS NOSSA FESTA JULINA.<\/p>\n\n\n\n<p>SOMOS CVMARJ!<\/p>\n\n\n\n<p>VAMOS EM FRENTE!<\/p>\n\n\n\n<p>AT.<\/p>\n\n\n\n<p>S\u00c9RGIO CAPELLA.<br>PRESIDENTE DO CVMARJ.<\/p>\n\n\n\n<figure class=\"wp-block-image size-large\"><img fetchpriority=\"high\" decoding=\"async\" width=\"768\" height=\"1024\" src=\"https:\/\/cvmarj.org.br\/site\/wp-content\/uploads\/2022\/07\/1bc9624e-4a48-44b0-9b60-7bb46835c875-1-768x1024.jpg\" alt=\"\" class=\"wp-image-3932\" srcset=\"https:\/\/cvmarj.org.br\/site\/wp-content\/uploads\/2022\/07\/1bc9624e-4a48-44b0-9b60-7bb46835c875-1-768x1024.jpg 768w, https:\/\/cvmarj.org.br\/site\/wp-content\/uploads\/2022\/07\/1bc9624e-4a48-44b0-9b60-7bb46835c875-1-225x300.jpg 225w, https:\/\/cvmarj.org.br\/site\/wp-content\/uploads\/2022\/07\/1bc9624e-4a48-44b0-9b60-7bb46835c875-1-1152x1536.jpg 1152w, https:\/\/cvmarj.org.br\/site\/wp-content\/uploads\/2022\/07\/1bc9624e-4a48-44b0-9b60-7bb46835c875-1.jpg 1200w\" sizes=\"(max-width: 768px) 100vw, 768px\" \/><\/figure>\n","protected":false},"excerpt":{"rendered":"<p>BOA NOITE! OBRAS NA NOSSA SEDE, N\u00c3O PARAM, AGORA A CHURRASQUEIRA. PRECISAMOS DAS CONTRIBUI\u00c7\u00d5ES DOS S\u00d3CIOS E DOA\u00c7\u00d5ES. DIA 30\/07\/2022, TEREMOS NOSSA FESTA JULINA. SOMOS CVMARJ! VAMOS EM FRENTE! AT. S\u00c9RGIO CAPELLA.PRESIDENTE DO CVMARJ.<\/p>\n","protected":false},"author":1,"featured_media":3931,"comment_status":"closed","ping_status":"closed","sticky":false,"template":"","format":"standard","meta":{"neve_meta_sidebar":"full-width","neve_meta_container":"","neve_meta_enable_content_width":"","neve_meta_content_width":0,"neve_meta_title_alignment":"center","neve_meta_author_avatar":"","neve_post_elements_order":"[\"title\",\"meta\",\"content\",\"tags\",\"comments\"]","neve_meta_disable_header":"","neve_meta_disable_footer":"","neve_meta_disable_title":"","footnotes":""},"categories":[9],"tags":[],"_links":{"self":[{"href":"https:\/\/cvmarj.org.br\/site\/index.php\/wp-json\/wp\/v2\/posts\/3930"}],"collection":[{"href":"https:\/\/cvmarj.org.br\/site\/index.php\/wp-json\/wp\/v2\/posts"}],"about":[{"href":"https:\/\/cvmarj.org.br\/site\/index.php\/wp-json\/wp\/v2\/types\/post"}],"author":[{"embeddable":true,"href":"https:\/\/cvmarj.org.br\/site\/index.php\/wp-json\/wp\/v2\/users\/1"}],"replies":[{"embeddable":true,"href":"https:\/\/cvmarj.org.br\/site\/index.php\/wp-json\/wp\/v2\/comments?post=3930"}],"version-history":[{"count":1,"href":"https:\/\/cvmarj.org.br\/site\/index.php\/wp-json\/wp\/v2\/posts\/3930\/revisions"}],"predecessor-version":[{"id":3933,"href":"https:\/\/cvmarj.org.br\/site\/index.php\/wp-json\/wp\/v2\/posts\/3930\/revisions\/3933"}],"wp:featuredmedia":[{"embeddable":true,"href":"https:\/\/cvmarj.org.br\/site\/index.php\/wp-json\/wp\/v2\/media\/3931"}],"wp:attachment":[{"href":"https:\/\/cvmarj.org.br\/site\/index.php\/wp-json\/wp\/v2\/media?parent=3930"}],"wp:term":[{"taxonomy":"category","embeddable":true,"href":"https:\/\/cvmarj.org.br\/site\/index.php\/wp-json\/wp\/v2\/categories?post=3930"},{"taxonomy":"post_tag","embeddable":true,"href":"https:\/\/cvmarj.org.br\/site\/index.php\/wp-json\/wp\/v2\/tags?post=3930"}],"curies":[{"name":"wp","href":"https:\/\/api.w.org\/{rel}","templated":true}]}}