{"id":3938,"date":"2022-08-03T06:30:00","date_gmt":"2022-08-03T09:30:00","guid":{"rendered":"https:\/\/cvmarj.org.br\/site\/?p=3938"},"modified":"2022-08-02T22:04:25","modified_gmt":"2022-08-03T01:04:25","slug":"lembranca-20","status":"publish","type":"post","link":"https:\/\/cvmarj.org.br\/site\/index.php\/2022\/08\/03\/lembranca-20\/","title":{"rendered":"Lembran\u00e7a 20"},"content":{"rendered":"\n<p>A Apresenta\u00e7\u00e3o.&nbsp;<br>Por Iber\u00ea Mariano da Silva.<\/p>\n\n\n\n<p>N\u00f3s, os sete Aspirantes que fomos classificados no Batalh\u00e3o de Manuten\u00e7\u00e3o da Divis\u00e3o Blindada, decidimos nos apresentar juntos.<\/p>\n\n\n\n<p>Adentramos na Unidade e fomos conduzidos para uma sala, para depois sermos levados \u00e0 presen\u00e7a do Comandante, o Cel Roberto Moura.<br>&nbsp;<br>Nesta sala havia um Sargento sentado com os p\u00e9s em cima da mesa, coturnos abertos e gandola ( como era chamada a camisa da farda ) desabotoada.<\/p>\n\n\n\n<p>Olhamos aquela figura e estranhamos.<\/p>\n\n\n\n<p>Era inadmiss\u00edvel aquilo para n\u00f3s que t\u00ednhamos acabado de sair da AMAN.<\/p>\n\n\n\n<p>O, agora, Aspirante Zimmer, um colega 4 por 4, mandou que o Sargento levantar e se arrumasse.<\/p>\n\n\n\n<p>O Sargento, em vez disso, come\u00e7ou a debochar dele.<\/p>\n\n\n\n<p>O Zimmer avan\u00e7ou em dire\u00e7\u00e3o a ele, levantou-o pela gola e ia dar um bofete para que o Sargento voltasse \u00e0 raz\u00e3o&nbsp; ( exatamente como nos tinha sido ensinado nas aulas de psicologia ), quando de todos os cantos apareceram os demais Tenentes de Mat Bel da Unidade.<\/p>\n\n\n\n<p>Era um trote.<\/p>\n\n\n\n<p>Mas foi o \u00faltimo.<\/p>\n\n\n\n<p>O Sargento, n\u00e3o era Sargento, era o Tenente Dourado.<\/p>\n\n\n\n<p>O Tenente Dourado era um tremendo gozador, engra\u00e7ado e bom companheiro.<\/p>\n\n\n\n<p>Ele, por ocasi\u00e3o de uma Inspe\u00e7\u00e3o de Comando, foi inquerido por estar com o cabelo grande, pelo CHEM da DB, e se isto era um complexo.<\/p>\n\n\n\n<p>O Dourado, sem perder tempo, respondeu: &#8211; Sim Senhor, eu tenho um &#8220;cocuruto&#8221; aqui atr\u00e1s ( e colocando a m\u00e3o na cabe\u00e7a ) e s\u00f3 o cabelo disfar\u00e7a.<\/p>\n\n\n\n<p>O CHEM nada falou e foi adiante.<\/p>\n\n\n\n<p>N\u00f3s, tivemos que conter o riso.<br>&nbsp;<br>O Ten Dourado foi designado como Chefe da Se\u00e7\u00e3o de Retifica dos Motores do Carro de Combate M 41.<\/p>\n\n\n\n<p>L\u00e1 entre retirar e recolocar o motor retificado no carro levava-se 15 dias.<\/p>\n\n\n\n<p>O Ten Dourado chegou na Se\u00e7\u00e3o, sem falar com ningu\u00e9m, pegou os manuais, e drenou e desmontou o motor, trocou as camisas, os casquilhos, os pist\u00f5es com seus an\u00e9is, ajustou tudo ap\u00f3s uma verifica\u00e7\u00e3o total em cinco dias.<\/p>\n\n\n\n<p>Depois, reuniu os Pra\u00e7as da Se\u00e7\u00e3o, que ficaram o tempo todo o observando e falou: &#8211; Eu sozinho fiz todo trabalho em cinco dias.<\/p>\n\n\n\n<p>Voc\u00eas, a partir de agora, t\u00eam 3 dias.<\/p>\n\n\n\n<p>Se fizerem em menos tempo, o resto podem ir para casa.<\/p>\n\n\n\n<p>Os motores passaram a estar pronto em dois dias, dois dias e meio.<br>&nbsp;<br>O Btl foi uma tremenda escola para n\u00f3s.<\/p>\n\n\n\n<p>Eu, por exemplo, designado para Comandar o Pelot\u00e3o de Manuten\u00e7\u00e3o da 2^ Companhia, ao chegar, fazendo uma inspe\u00e7\u00e3o nas nossas 10 viaturas 2 1\/2 GMC, falei para o Chefe dos Mec\u00e2nicos, o 1\u00ba Sgt Arag\u00e3o, que era uma vergonha aquelas viaturas estarem sujas daquele jeito.&nbsp;<\/p>\n\n\n\n<p>Disse-lhe que mandasse lavar todas viaturas imediatamente.<\/p>\n\n\n\n<p>Ele come\u00e7ou a falar: &#8211; Mas Aspirante\u2026 Eu interrompi e disse: &#8211; N\u00e3o tem mas, mas.<\/p>\n\n\n\n<p>\u00c9 uma vergonha!<\/p>\n\n\n\n<p>Fui assistir a lavagem.<\/p>\n\n\n\n<p>Resultado foi que tirada a lama dos tanques eles come\u00e7aram a vazar que nem peneiras.<\/p>\n\n\n\n<p>A dire\u00e7\u00e3o deu uma folga de quase meia volta do volante etc.<\/p>\n\n\n\n<p>Em suma era a crosta de lama que segurava tudo.<\/p>\n\n\n\n<p>\u00c9 claro, passamos a reparar e trocar tudo.&nbsp;<\/p>\n\n\n\n<p>Por\u00e9m, aprendi minha li\u00e7\u00e3o, de passar a ouvir a experi\u00eancia dos mais velhos, que sempre tem algo mais para nos ensinar.&nbsp;<\/p>\n\n\n\n<p>Levei em conta isto para o resto da minha vida militar.<\/p>\n\n\n\n<p>Gen Bda Eng Mil Veterano Iber\u00ea Mariano da Silva \u2013 Engenheiro Eletr\u00f4nico e Nuclear \u2013 MSc &#8211; AMAN \u2013 CPEAEX \u2014&nbsp; Turma 1967 \u2013 Material B\u00e9lico.<\/p>\n","protected":false},"excerpt":{"rendered":"<p>A Apresenta\u00e7\u00e3o.&nbsp;Por Iber\u00ea Mariano da Silva. N\u00f3s, os sete Aspirantes que fomos classificados no Batalh\u00e3o de Manuten\u00e7\u00e3o da Divis\u00e3o Blindada, decidimos nos apresentar juntos. Adentramos na Unidade e fomos conduzidos para uma sala, para depois sermos levados \u00e0 presen\u00e7a do Comandante, o Cel Roberto Moura.&nbsp;Nesta sala havia um Sargento sentado com os p\u00e9s em cima&hellip;&nbsp;<a href=\"https:\/\/cvmarj.org.br\/site\/index.php\/2022\/08\/03\/lembranca-20\/\" class=\"\" rel=\"bookmark\">Ler mais &raquo;<span class=\"screen-reader-text\">Lembran\u00e7a 20<\/span><\/a><\/p>\n","protected":false},"author":1,"featured_media":3785,"comment_status":"closed","ping_status":"closed","sticky":false,"template":"","format":"standard","meta":{"neve_meta_sidebar":"full-width","neve_meta_container":"","neve_meta_enable_content_width":"","neve_meta_content_width":0,"neve_meta_title_alignment":"center","neve_meta_author_avatar":"","neve_post_elements_order":"[\"title\",\"meta\",\"content\",\"tags\",\"comments\"]","neve_meta_disable_header":"","neve_meta_disable_footer":"","neve_meta_disable_title":"","footnotes":""},"categories":[16],"tags":[],"_links":{"self":[{"href":"https:\/\/cvmarj.org.br\/site\/index.php\/wp-json\/wp\/v2\/posts\/3938"}],"collection":[{"href":"https:\/\/cvmarj.org.br\/site\/index.php\/wp-json\/wp\/v2\/posts"}],"about":[{"href":"https:\/\/cvmarj.org.br\/site\/index.php\/wp-json\/wp\/v2\/types\/post"}],"author":[{"embeddable":true,"href":"https:\/\/cvmarj.org.br\/site\/index.php\/wp-json\/wp\/v2\/users\/1"}],"replies":[{"embeddable":true,"href":"https:\/\/cvmarj.org.br\/site\/index.php\/wp-json\/wp\/v2\/comments?post=3938"}],"version-history":[{"count":1,"href":"https:\/\/cvmarj.org.br\/site\/index.php\/wp-json\/wp\/v2\/posts\/3938\/revisions"}],"predecessor-version":[{"id":3939,"href":"https:\/\/cvmarj.org.br\/site\/index.php\/wp-json\/wp\/v2\/posts\/3938\/revisions\/3939"}],"wp:featuredmedia":[{"embeddable":true,"href":"https:\/\/cvmarj.org.br\/site\/index.php\/wp-json\/wp\/v2\/media\/3785"}],"wp:attachment":[{"href":"https:\/\/cvmarj.org.br\/site\/index.php\/wp-json\/wp\/v2\/media?parent=3938"}],"wp:term":[{"taxonomy":"category","embeddable":true,"href":"https:\/\/cvmarj.org.br\/site\/index.php\/wp-json\/wp\/v2\/categories?post=3938"},{"taxonomy":"post_tag","embeddable":true,"href":"https:\/\/cvmarj.org.br\/site\/index.php\/wp-json\/wp\/v2\/tags?post=3938"}],"curies":[{"name":"wp","href":"https:\/\/api.w.org\/{rel}","templated":true}]}}