{"id":3942,"date":"2022-08-02T23:07:58","date_gmt":"2022-08-03T02:07:58","guid":{"rendered":"https:\/\/cvmarj.org.br\/site\/?p=3942"},"modified":"2022-08-19T10:16:01","modified_gmt":"2022-08-19T13:16:01","slug":"agosto-2022","status":"publish","type":"post","link":"https:\/\/cvmarj.org.br\/site\/index.php\/2022\/08\/02\/agosto-2022\/","title":{"rendered":"Agosto 2022"},"content":{"rendered":"\n<p><\/p>\n\n\n\n<p>SEGUE A PREVIS\u00c3O DAS ATIVIDADES MENSAIS &#8220;OPERACIONAIS&#8221; DO CVMARJ, PARA O M\u00caS DE AGOSTO DE 2022.<\/p>\n\n\n\n<p>OBS: PODEREMOS TER ALTERA\u00c7\u00d5ES.<\/p>\n\n\n\n<ul><li>17\/08\/22, QUARTA FEIRA, SOLENIDADE NO CAMPO DE INSTRU\u00c7\u00c3O DE GERICIN\u00d3, EXPOSI\u00c7\u00c3O DE VIATURAS E MOTOCICLETAS DO CVMARJ, DEPOIS CHURRASCO DE CONFRATERNIZA\u00c7\u00c3O, DISPOSITIVO PRONTO 09:30 H.<\/li><li>21\/08\/22, DOMINGO: EXPOSI\u00c7\u00c3O MENSAL DO CVMARJ, NO MUSEU CONDE DE LINHARES EM S\u00c3O CRIST\u00d3V\u00c3O, DAS 09:00 \u00c0S 13:00 H.<\/li><li>27\/08\/22, S\u00c1BADO: PORT\u00d5ES ABERTOS, NA SEDE DO CVMARJ, A PARTIR DAS 08:00 H.<\/li><\/ul>\n\n\n\n<p>S\u00c9RGIO CAPELLA.<br>PRESIDENTE DO CVMARJ.<\/p>\n","protected":false},"excerpt":{"rendered":"<p>SEGUE A PREVIS\u00c3O DAS ATIVIDADES MENSAIS &#8220;OPERACIONAIS&#8221; DO CVMARJ, PARA O M\u00caS DE AGOSTO DE 2022. OBS: PODEREMOS TER ALTERA\u00c7\u00d5ES. 17\/08\/22, QUARTA FEIRA, SOLENIDADE NO CAMPO DE INSTRU\u00c7\u00c3O DE GERICIN\u00d3, EXPOSI\u00c7\u00c3O DE VIATURAS E MOTOCICLETAS DO CVMARJ, DEPOIS CHURRASCO DE CONFRATERNIZA\u00c7\u00c3O, DISPOSITIVO PRONTO 09:30 H. 21\/08\/22, DOMINGO: EXPOSI\u00c7\u00c3O MENSAL DO CVMARJ, NO MUSEU CONDE DE&hellip;&nbsp;<a href=\"https:\/\/cvmarj.org.br\/site\/index.php\/2022\/08\/02\/agosto-2022\/\" class=\"\" rel=\"bookmark\">Ler mais &raquo;<span class=\"screen-reader-text\">Agosto 2022<\/span><\/a><\/p>\n","protected":false},"author":1,"featured_media":0,"comment_status":"closed","ping_status":"closed","sticky":false,"template":"","format":"standard","meta":{"neve_meta_sidebar":"full-width","neve_meta_container":"","neve_meta_enable_content_width":"","neve_meta_content_width":0,"neve_meta_title_alignment":"center","neve_meta_author_avatar":"","neve_post_elements_order":"[\"title\",\"meta\",\"thumbnail\",\"content\",\"tags\",\"comments\"]","neve_meta_disable_header":"","neve_meta_disable_footer":"","neve_meta_disable_title":"","footnotes":""},"categories":[7],"tags":[],"_links":{"self":[{"href":"https:\/\/cvmarj.org.br\/site\/index.php\/wp-json\/wp\/v2\/posts\/3942"}],"collection":[{"href":"https:\/\/cvmarj.org.br\/site\/index.php\/wp-json\/wp\/v2\/posts"}],"about":[{"href":"https:\/\/cvmarj.org.br\/site\/index.php\/wp-json\/wp\/v2\/types\/post"}],"author":[{"embeddable":true,"href":"https:\/\/cvmarj.org.br\/site\/index.php\/wp-json\/wp\/v2\/users\/1"}],"replies":[{"embeddable":true,"href":"https:\/\/cvmarj.org.br\/site\/index.php\/wp-json\/wp\/v2\/comments?post=3942"}],"version-history":[{"count":3,"href":"https:\/\/cvmarj.org.br\/site\/index.php\/wp-json\/wp\/v2\/posts\/3942\/revisions"}],"predecessor-version":[{"id":4019,"href":"https:\/\/cvmarj.org.br\/site\/index.php\/wp-json\/wp\/v2\/posts\/3942\/revisions\/4019"}],"wp:attachment":[{"href":"https:\/\/cvmarj.org.br\/site\/index.php\/wp-json\/wp\/v2\/media?parent=3942"}],"wp:term":[{"taxonomy":"category","embeddable":true,"href":"https:\/\/cvmarj.org.br\/site\/index.php\/wp-json\/wp\/v2\/categories?post=3942"},{"taxonomy":"post_tag","embeddable":true,"href":"https:\/\/cvmarj.org.br\/site\/index.php\/wp-json\/wp\/v2\/tags?post=3942"}],"curies":[{"name":"wp","href":"https:\/\/api.w.org\/{rel}","templated":true}]}}