{"id":4054,"date":"2022-08-19T10:59:38","date_gmt":"2022-08-19T13:59:38","guid":{"rendered":"https:\/\/cvmarj.org.br\/site\/?p=4054"},"modified":"2022-08-19T11:02:13","modified_gmt":"2022-08-19T14:02:13","slug":"encontro-museu-conde-de-linhares","status":"publish","type":"post","link":"https:\/\/cvmarj.org.br\/site\/index.php\/2022\/08\/19\/encontro-museu-conde-de-linhares\/","title":{"rendered":"PR\u00d3XIMO DOMINGO (21\/08) ENCONTRO MUSEU CONDE DE LINHARES"},"content":{"rendered":"\n<p>PR\u00d3XIMO DOMINGO, 21\/08\/22, TEMOS ENCONTRO MENSAL EXCLUSIVO, DO CVMARJ, NO MUSEU CONDE DE LINHARES, EM S\u00c3O CRIST\u00d3V\u00c3O, DAS 09:00 \u00c0S 13:00 H.<br>\u00d3TIMA OPORTUNIDADE DE ANDAR COM VTR OU MOTO ANTIGAS, VISITANDO UM EXCELENTE MUSEU, VER AMIGOS, E CURTIR A MANH\u00c3.<br>SEGUE UM LINK DE EVENTOS ANTERIORES NO MUSEU.<\/p>\n\n\n\n<p><a href=\"https:\/\/drive.google.com\/drive\/folders\/1lSssdoLF4q-g67jYWmFg9r3pJdMEdR44\">https:\/\/drive.google.com\/drive\/folders\/1lSssdoLF4q-g67jYWmFg9r3pJdMEdR44<\/a><\/p>\n","protected":false},"excerpt":{"rendered":"<p>PR\u00d3XIMO DOMINGO, 21\/08\/22, TEMOS ENCONTRO MENSAL EXCLUSIVO, DO CVMARJ, NO MUSEU CONDE DE LINHARES, EM S\u00c3O CRIST\u00d3V\u00c3O, DAS 09:00 \u00c0S 13:00 H.\u00d3TIMA OPORTUNIDADE DE ANDAR COM VTR OU MOTO ANTIGAS, VISITANDO UM EXCELENTE MUSEU, VER AMIGOS, E CURTIR A MANH\u00c3.SEGUE UM LINK DE EVENTOS ANTERIORES NO MUSEU. https:\/\/drive.google.com\/drive\/folders\/1lSssdoLF4q-g67jYWmFg9r3pJdMEdR44<\/p>\n","protected":false},"author":1,"featured_media":4055,"comment_status":"closed","ping_status":"closed","sticky":false,"template":"","format":"standard","meta":{"neve_meta_sidebar":"full-width","neve_meta_container":"","neve_meta_enable_content_width":"","neve_meta_content_width":0,"neve_meta_title_alignment":"center","neve_meta_author_avatar":"","neve_post_elements_order":"[\"title\",\"meta\",\"content\",\"tags\",\"comments\"]","neve_meta_disable_header":"","neve_meta_disable_footer":"","neve_meta_disable_title":"","footnotes":""},"categories":[9],"tags":[],"_links":{"self":[{"href":"https:\/\/cvmarj.org.br\/site\/index.php\/wp-json\/wp\/v2\/posts\/4054"}],"collection":[{"href":"https:\/\/cvmarj.org.br\/site\/index.php\/wp-json\/wp\/v2\/posts"}],"about":[{"href":"https:\/\/cvmarj.org.br\/site\/index.php\/wp-json\/wp\/v2\/types\/post"}],"author":[{"embeddable":true,"href":"https:\/\/cvmarj.org.br\/site\/index.php\/wp-json\/wp\/v2\/users\/1"}],"replies":[{"embeddable":true,"href":"https:\/\/cvmarj.org.br\/site\/index.php\/wp-json\/wp\/v2\/comments?post=4054"}],"version-history":[{"count":2,"href":"https:\/\/cvmarj.org.br\/site\/index.php\/wp-json\/wp\/v2\/posts\/4054\/revisions"}],"predecessor-version":[{"id":4058,"href":"https:\/\/cvmarj.org.br\/site\/index.php\/wp-json\/wp\/v2\/posts\/4054\/revisions\/4058"}],"wp:featuredmedia":[{"embeddable":true,"href":"https:\/\/cvmarj.org.br\/site\/index.php\/wp-json\/wp\/v2\/media\/4055"}],"wp:attachment":[{"href":"https:\/\/cvmarj.org.br\/site\/index.php\/wp-json\/wp\/v2\/media?parent=4054"}],"wp:term":[{"taxonomy":"category","embeddable":true,"href":"https:\/\/cvmarj.org.br\/site\/index.php\/wp-json\/wp\/v2\/categories?post=4054"},{"taxonomy":"post_tag","embeddable":true,"href":"https:\/\/cvmarj.org.br\/site\/index.php\/wp-json\/wp\/v2\/tags?post=4054"}],"curies":[{"name":"wp","href":"https:\/\/api.w.org\/{rel}","templated":true}]}}