{"id":4059,"date":"2022-08-19T11:05:57","date_gmt":"2022-08-19T14:05:57","guid":{"rendered":"https:\/\/cvmarj.org.br\/site\/?p=4059"},"modified":"2022-08-19T11:05:59","modified_gmt":"2022-08-19T14:05:59","slug":"estou-atualizando-um-e-mail-enviado-em-2007","status":"publish","type":"post","link":"https:\/\/cvmarj.org.br\/site\/index.php\/2022\/08\/19\/estou-atualizando-um-e-mail-enviado-em-2007\/","title":{"rendered":"Estou atualizando um e-mail enviado em 2007"},"content":{"rendered":"\n<p>Amigos, bom dia!<\/p>\n\n\n\n<p>Estou atualizando um e-mail enviado em 2007, para os s\u00f3cios e amigos do CVMARJ.<\/p>\n\n\n\n<p>Muitos de n\u00f3s, n\u00e3o tem a m\u00ednima id\u00e9ia da hist\u00f3ria da vida operativa das nossas vtrs, como foi o seu projeto, sua fabrica\u00e7\u00e3o, para atender a quais requisitos, para qual finalidade, por onde passou, quem se beneficiou da sua utiliza\u00e7\u00e3o, em que locais atuou, quais as Unidades em que serviu, que tipos de servi\u00e7os prestou, as dificuldades referentes \u00e0 acidentes, falta de pe\u00e7as, crises de combust\u00edveis, esquecimento, processo de descarga, baixa do servi\u00e7o ativo do Ex\u00e9rcito Brasileiro.<\/p>\n\n\n\n<p>Ent\u00e3o apareceu voc\u00ea, um sonhador que viu uma vtr igual num filme, numa foto, num desfile militar, numa revista, e disse que ir\u00eda recuper\u00e1-la e coloc\u00e1-la com nova, 0 km, para que ent\u00e3o voltasse com todo o garbo e orgulho, \u00e0 &#8220;vida ativa&#8221;. Ela ir\u00eda ser mostrada, fotografada, filmada, adorada igual a uma namorada nova.<\/p>\n\n\n\n<p>Muitos n\u00e3o tem nem id\u00e9ia do que a vtr j\u00e1 fez, j\u00e1 passou, e o que \u00e9 pior o que ainda pode fazer, mas alguns tem medo de chuva, e acham que as vtrs militares antigas, s\u00e3o feitas de a\u00e7\u00facar, e v\u00e3o derreter, a\u00ed as deixam guardadas no fundo da garagem, esperando um dia de sol\u2026<\/p>\n\n\n\n<p>Nossos eventos acontecem preferencialmente em dias de sol, mas a chuva tamb\u00e9m \u00e9 bem vinda.<\/p>\n\n\n\n<p>Espero que em caso de chuva, as miss\u00f5es previstas para o CVMARJ, sejam cumpridas, pois &#8220;GUERREIRAS S\u00c3O SEMPRE GUERREIRAS!<\/p>\n\n\n\n<p>Compare\u00e7a aos nossos eventos, com ou sem chuva, alguem j\u00e1 viu militar de guarda-chuva?<\/p>\n\n\n\n<p>SEJA S\u00d3CIO DO CVMARJ!<\/p>\n\n\n\n<p>SOMOS CVMARJ!<\/p>\n\n\n\n<p>VAMOS EM FRENTE!<\/p>\n\n\n\n<p>A COBRA CONTINUAM FUMANDO!<\/p>\n\n\n\n<p>SENTA A PUA!<\/p>\n\n\n\n<p>AD SUMUS!<\/p>\n\n\n\n<p>BRASIL.<\/p>\n\n\n\n<p>S\u00e9rgio Capella.<br>Presidente do CVMARJ<\/p>\n","protected":false},"excerpt":{"rendered":"<p>Amigos, bom dia! Estou atualizando um e-mail enviado em 2007, para os s\u00f3cios e amigos do CVMARJ. Muitos de n\u00f3s, n\u00e3o tem a m\u00ednima id\u00e9ia da hist\u00f3ria da vida operativa das nossas vtrs, como foi o seu projeto, sua fabrica\u00e7\u00e3o, para atender a quais requisitos, para qual finalidade, por onde passou, quem se beneficiou da&hellip;&nbsp;<a href=\"https:\/\/cvmarj.org.br\/site\/index.php\/2022\/08\/19\/estou-atualizando-um-e-mail-enviado-em-2007\/\" class=\"\" rel=\"bookmark\">Ler mais &raquo;<span class=\"screen-reader-text\">Estou atualizando um e-mail enviado em 2007<\/span><\/a><\/p>\n","protected":false},"author":1,"featured_media":0,"comment_status":"closed","ping_status":"closed","sticky":false,"template":"","format":"standard","meta":{"neve_meta_sidebar":"full-width","neve_meta_container":"","neve_meta_enable_content_width":"","neve_meta_content_width":0,"neve_meta_title_alignment":"center","neve_meta_author_avatar":"","neve_post_elements_order":"[\"title\",\"meta\",\"thumbnail\",\"content\",\"tags\",\"comments\"]","neve_meta_disable_header":"","neve_meta_disable_footer":"","neve_meta_disable_title":"","footnotes":""},"categories":[9],"tags":[],"_links":{"self":[{"href":"https:\/\/cvmarj.org.br\/site\/index.php\/wp-json\/wp\/v2\/posts\/4059"}],"collection":[{"href":"https:\/\/cvmarj.org.br\/site\/index.php\/wp-json\/wp\/v2\/posts"}],"about":[{"href":"https:\/\/cvmarj.org.br\/site\/index.php\/wp-json\/wp\/v2\/types\/post"}],"author":[{"embeddable":true,"href":"https:\/\/cvmarj.org.br\/site\/index.php\/wp-json\/wp\/v2\/users\/1"}],"replies":[{"embeddable":true,"href":"https:\/\/cvmarj.org.br\/site\/index.php\/wp-json\/wp\/v2\/comments?post=4059"}],"version-history":[{"count":1,"href":"https:\/\/cvmarj.org.br\/site\/index.php\/wp-json\/wp\/v2\/posts\/4059\/revisions"}],"predecessor-version":[{"id":4060,"href":"https:\/\/cvmarj.org.br\/site\/index.php\/wp-json\/wp\/v2\/posts\/4059\/revisions\/4060"}],"wp:attachment":[{"href":"https:\/\/cvmarj.org.br\/site\/index.php\/wp-json\/wp\/v2\/media?parent=4059"}],"wp:term":[{"taxonomy":"category","embeddable":true,"href":"https:\/\/cvmarj.org.br\/site\/index.php\/wp-json\/wp\/v2\/categories?post=4059"},{"taxonomy":"post_tag","embeddable":true,"href":"https:\/\/cvmarj.org.br\/site\/index.php\/wp-json\/wp\/v2\/tags?post=4059"}],"curies":[{"name":"wp","href":"https:\/\/api.w.org\/{rel}","templated":true}]}}