{"id":4070,"date":"2022-08-31T11:51:12","date_gmt":"2022-08-31T14:51:12","guid":{"rendered":"https:\/\/cvmarj.org.br\/site\/?p=4070"},"modified":"2022-08-31T11:51:14","modified_gmt":"2022-08-31T14:51:14","slug":"lembranca-24","status":"publish","type":"post","link":"https:\/\/cvmarj.org.br\/site\/index.php\/2022\/08\/31\/lembranca-24\/","title":{"rendered":"Lembran\u00e7a 24"},"content":{"rendered":"\n<p>Minhas Lembran\u00e7as e Participa\u00e7\u00f5es na \u00c1rea de M\u00edsseis e Foguetes (parte4)<br>Por Iber\u00ea Mariano da Silva.<\/p>\n\n\n\n<p>Em princ\u00edpio eu n\u00e3o queria ir para a Fran\u00e7a devido grave doen\u00e7a de meu sogro, mas ap\u00f3s a amea\u00e7a de ser transferido para uma vaga a ser criada em Tabatinga, eu aceitei.<\/p>\n\n\n\n<p>Mudar de pa\u00eds n\u00e3o \u00e9 f\u00e1cil.&nbsp;<\/p>\n\n\n\n<p>Tem o carro, carteira de motorista internacional, alugar uma casa j\u00e1 que a esposa e filhos chegariam um m\u00eas depois, mudan\u00e7a, dinheiro, l\u00edngua, o curso em si etc\u2026.<\/p>\n\n\n\n<p>Vou tentar dar a solu\u00e7\u00e3o que adotei caso a caso.<\/p>\n\n\n\n<p>Primeiro relato que fomos tr\u00eas oficiais nomeados para a miss\u00e3o.&nbsp;<\/p>\n\n\n\n<p>Um ficou em Paris e eu e Maj B fomos para Toulouse, para a ENSAE (Escola Nacional Superior de Aeron\u00e1utica e Espa\u00e7o).<br>O carro.<\/p>\n\n\n\n<p>O Maj B e eu compramos dois Citro\u00ebn GSA X3 na Maison de France no Rio e pagamos 10% em Cruzeiros.<\/p>\n\n\n\n<p>O resto (com apenas 16% de imposto e n\u00e3o o normal de 33% para os franceses) pagar\u00edamos no Aeroporto de Orly aonde os carros estariam \u00e0 nossa disposi\u00e7\u00e3o.<\/p>\n\n\n\n<p>Deu tudo certo.<\/p>\n\n\n\n<p>Abrimos conta no Banco do Brasil, aonde j\u00e1 estavam nossos dep\u00f3sitos feitos pelo Ex\u00e9rcito.<\/p>\n\n\n\n<p>Pagamos o seguro como estudantes estrangeiros (mais barato) e emplacamos os carros com placa vermelha TT (tempor\u00e1ria).<\/p>\n\n\n\n<p>Despachamos os carros para Toulouse.<\/p>\n\n\n\n<p>Fomos de trem.<\/p>\n\n\n\n<p>(Uma maravilha que sai e chega nos minutos precisos) Nos apresentamos ao adido na embaixada do Brasil. (nota. Quando dissemos que o destino era a Embaixada, o motorista do Taxi retrucou que sabia aonde ficava a embaixada dos PD.).<\/p>\n\n\n\n<p>Ficamos na mesma.<\/p>\n\n\n\n<p>A carteira de motorista internacional, eu e a Tania, a tiramos no Touring Club do Brasil no Rio.<\/p>\n\n\n\n<p>Foi um problema para alugar resid\u00eancia.<\/p>\n\n\n\n<p>O governo tinha acabado de fazer uma lei, (dessas malucas que pol\u00edticos fazem aqui) que os contratos tinham que ser no m\u00ednimo de 6 anos e que n\u00e3o poderiam ser reajustados.<\/p>\n\n\n\n<p>Resultado \u00e9 que ningu\u00e9m queria mais alugar.<\/p>\n\n\n\n<p>Com o princ\u00edpio do Maj B que t\u00ednhamos dinheiro e portanto comprar\u00edamos as solu\u00e7\u00f5es, contratamos uma corretora.<\/p>\n\n\n\n<p>O respons\u00e1vel por n\u00f3s na escola era o Monsieur Fossart.<\/p>\n\n\n\n<p>Ele nos matriculou num curso de Franc\u00eas expedito na Universit\u00e9 Le Mirail. L\u00e1 a nossa professora era uma Argentina.<\/p>\n\n\n\n<p>Na primeira aula ela escreveu todos palavr\u00f5es em franc\u00eas para que soub\u00e9ssemos quando est\u00e1vamos sendo atacados (aprendemos o que significava PD).<\/p>\n\n\n\n<p>Eis, que com o quadro negro cheio, entra na sala o diretor da Universidade para nos dar as boas vindas.<\/p>\n\n\n\n<p>\u00c9 claro que ele fingiu n\u00e3o ver o que a professora procurava esconder. &nbsp;<\/p>\n\n\n\n<p>Eu, ainda morando num hotel, sa\u00eda e sentava em bancos duplos (um de costa para o outro) na pra\u00e7a aonde tinha franceses conversando. ,<\/p>\n\n\n\n<p>No banco atr\u00e1s, eu os escutava para pegar a m\u00fasica da l\u00edngua (o que \u00e9 important\u00edssimo). Ia, tamb\u00e9m, assistir filmes para me aperfei\u00e7oar.<\/p>\n\n\n\n<p>A corretora encontrou uma casa na cidade grudada, quase um bairro de Toulouse.&nbsp;<\/p>\n\n\n\n<p>Era a cidade de Saint Orens de Gameville.<\/p>\n\n\n\n<p>No dia de fechar o contrato, a professora argentina pediu uma carona at\u00e9 o centro da cidade.<\/p>\n\n\n\n<p>Iria ter conosco quando termin\u00e1ssemos.<\/p>\n\n\n\n<p>Entramos no apartamento escrit\u00f3rio da corretora e ela nos apresentou uma prima.<\/p>\n\n\n\n<p>Olhando para esta, disse baixinho (eu ouvi), aquele ali (apontando para o Maj B) \u00e9 &nbsp;meu e eles tem carros.<\/p>\n\n\n\n<p>Depois de assinar o contrato, ela foi at\u00e9 a porta, trancou-a e colocou a chave dentro do Soutien.<\/p>\n\n\n\n<p>E eu observando tudo.<\/p>\n\n\n\n<p>A corretora disse :_\u201dAlons arroser \u00e7a\u201d.<\/p>\n\n\n\n<p>(Traduzindo mais ou menos =&gt; &nbsp;Vamos celebrar regando isto).<\/p>\n\n\n\n<p>O Maj B (por isto n\u00e3o revelo o nome dele), querendo se aperfei\u00e7oar no franc\u00eas, &nbsp;mantinha o maior papo.<\/p>\n\n\n\n<p>Ele, inocente, sem perceber nada.<\/p>\n\n\n\n<p>Est\u00e1vamos encurralados e sem escapat\u00f3ria, a n\u00e3o ser criando tremenda saia curta.<\/p>\n\n\n\n<p>Felizmente, toca a campainha.<\/p>\n\n\n\n<p>A prima foi at\u00e9 a porta e disse que o expediente j\u00e1 acabara.<\/p>\n\n\n\n<p>A campainha tocou e permaneceu tocando, enquanto batiam fortemente. &nbsp;<\/p>\n\n\n\n<p>A portinhola foi aberta.<\/p>\n\n\n\n<p>Era nossa professora argentina, nossa salvadora.<\/p>\n\n\n\n<p>Ela me olhou, (eu estava ali junto) e me perguntou em espanhol se quer\u00edamos permanecer ali.<\/p>\n\n\n\n<p>Eu respondi com um taxativo n\u00e3o.<\/p>\n\n\n\n<p>A\u00ed, ela entrou com toda autoridade de um professor franc\u00eas, e disse rispidamente :_ \u201cQuero meus alunos aqui e agora !\u201d &nbsp;<\/p>\n\n\n\n<p>E, assim fomos salvos.<br>&nbsp;<br>O locador do Maj B encontrou um apartamento para mim.<\/p>\n\n\n\n<p>Em Port Saint Sauveur, a duas quadras do centro de Toulouse.<\/p>\n\n\n\n<p>N\u00e3o tive que entrar em contato com a madame corretora tarada.<\/p>\n\n\n\n<p>Um ano ap\u00f3s, me mudei para uma casa rec\u00e9m constru\u00edda em Saint Orens de Gameville.<\/p>\n\n\n\n<p>O propriet\u00e1rio era Monsieur Delage.<\/p>\n\n\n\n<p>Muito simp\u00e1tico e amigo, ele cuidava da casa e do terreno por mim, al\u00e9m de me orientar na vida dos franceses e facilitar minhas vontades.<\/p>\n\n\n\n<p>O governo acabara de fazer uma lei, que o brasileiro s\u00f3 poderia, ao viajar para o exterior, adquirir at\u00e9 dois mil d\u00f3lares.<\/p>\n\n\n\n<p>E tinha que apresentar a passagem e o passaporte.<\/p>\n\n\n\n<p>N\u00f3s t\u00ednhamos passaporte azul (servi\u00e7o) e n\u00e3o o verde (turismo).<\/p>\n\n\n\n<p>Tive que passar por diversas ag\u00eancias do Banco do Brasil, at\u00e9 que uma (talvez o gerente sem saber) me vendeu os d\u00f3lares apresentando o passaporte azul.<\/p>\n\n\n\n<p>O Ex\u00e9rcito j\u00e1 depositara a ajuda de custo no BB em Paris, mas precisar\u00edamos de dinheiro ao desembarcar e trocar d\u00f3lares por Francos.<\/p>\n\n\n\n<p>Como pagar\u00edamos taxi, comida, hotel at\u00e9&nbsp; abrir conta no banco?<\/p>\n\n\n\n<p>\u00c9 claro, que avisei aos outros dois companheiros.<\/p>\n\n\n\n<p>O Ex\u00e9rcito pagou cerca de trinta mil d\u00f3lares para transporte da mudan\u00e7a.&nbsp;<\/p>\n\n\n\n<p>Sequer est\u00e1vamos levando qualquer coisa el\u00e9trica ( Rio 127 volts 60 hertz,&nbsp; Toulouse&nbsp; 220 volts 50 hertz).<\/p>\n\n\n\n<p>Uma cr\u00edtica construtiva.<\/p>\n\n\n\n<p>Seria mais razo\u00e1vel que nos desse o dinheiro e ficassem com toda nossa mob\u00edlia e aproveitassem para mobiliar um pr\u00f3prio nacional.<\/p>\n\n\n\n<p>Com o montante do dinheiro do transporte conseguir\u00edamos comprar tudo l\u00e1 e ainda sobraria dinheiro.&nbsp;<\/p>\n\n\n\n<p>Nota.<\/p>\n\n\n\n<p>Na volta da Fran\u00e7a,&nbsp; eu que fiz a licita\u00e7\u00e3o, e com uma mudan\u00e7a muito maior, paguei somente sete mil d\u00f3lares.<\/p>\n\n\n\n<p>A miss\u00e3o prim\u00e1ria era para fazer semi-doutorado em Energia Nuclear (santa inoc\u00eancia do encarregado de nosso Ex\u00e9rcito).<\/p>\n\n\n\n<p>A miss\u00e3o secund\u00e1ria (dada pela parte t\u00e9cnica) era fazer espionagem em dois t\u00f3picos.<\/p>\n\n\n\n<p>\u00c9 claro, que a ENSAE negou a pretens\u00e3o nuclear ao eu chegar l\u00e1 e matricular-me.<\/p>\n\n\n\n<p>Como desculpa diplom\u00e1tica, me informaram que aquilo que o Ex\u00e9rcito pretendia era um curso de 5 anos e eu s\u00f3 podia ficar 2 anos.<\/p>\n\n\n\n<p>Fui, ent\u00e3o, matriculado na p\u00f3s gradua\u00e7\u00e3o em Avi\u00f4nica (referente \u00e0 eletr\u00f4nica de avi\u00f5es, foguetes e sat\u00e9lites).<\/p>\n\n\n\n<p>Eles tinham estudado meu curr\u00edculo, minha vida, meus interesses, minha voca\u00e7\u00e3o e pretens\u00f5es minhas e do EB.&nbsp;<\/p>\n\n\n\n<p>Eta, servi\u00e7o secreto franc\u00eas eficiente.<\/p>\n\n\n\n<p>Durante o curso na ENSAE, tive um m\u00eas de aula na ENAC (Escola Nacional de Avia\u00e7\u00e3o Civil) aonde aprendi a pilotar e tra\u00e7ar rotas para o A300.<\/p>\n\n\n\n<p>Foram aulas te\u00f3ricas e pr\u00e1ticas.<\/p>\n\n\n\n<p>O servi\u00e7o de intelig\u00eancia da Fran\u00e7a tinha pleno conhecimento do planejamento e estudos do Ex\u00e9rcito Brasileiro (1982).<\/p>\n\n\n\n<p>Na ENSAE estudei em profundidade a eletr\u00f4nica do A 300, do Alfajet e de um bombardeiro que esqueci o nome.<\/p>\n\n\n\n<p>Projetei a partida de um motor a jato (considerado o melhor projeto), projetei com alguns colegas um equipamento que seguia automaticamente a rota desejada baseada em radio-farois e ainda entrei no projeto de constru\u00e7\u00e3o do mini sat\u00e9lite Arsene.<\/p>\n\n\n\n<p>A Fran\u00e7a, inteligentemente, utiliza os estudantes estrangeiros em projetos e pesquisas de seu interesse imediato.<\/p>\n\n\n\n<p>Ap\u00f3s um ano, o respons\u00e1vel por n\u00f3s, Monsieur Fossart, dado meus excelentes resultados, disse-me que se arrependia de n\u00e3o ter me colocar em op\u00e7\u00e3o mais avan\u00e7ada.&nbsp;<\/p>\n\n\n\n<p>Dado isto, ele me transferiu para o CNES (Centro Nacional de Estudo Espacial).<\/p>\n\n\n\n<p>E, assim, voltei a conviver com os pesquisadores e atividades na minha \u00e1rea, durante um ano. &nbsp;&nbsp;&nbsp;<\/p>\n\n\n\n<p>Gen Bda Eng Mil Veterano Iber\u00ea Mariano da Silva \u2013 Engenheiro Eletr\u00f4nico e Nuclear \u2013 MSc\u2013CPEAEX \u2013 AMAN\u2013 Turma 1967 \u2013 Material B\u00e9lico<\/p>\n","protected":false},"excerpt":{"rendered":"<p>Minhas Lembran\u00e7as e Participa\u00e7\u00f5es na \u00c1rea de M\u00edsseis e Foguetes (parte4)Por Iber\u00ea Mariano da Silva. Em princ\u00edpio eu n\u00e3o queria ir para a Fran\u00e7a devido grave doen\u00e7a de meu sogro, mas ap\u00f3s a amea\u00e7a de ser transferido para uma vaga a ser criada em Tabatinga, eu aceitei. Mudar de pa\u00eds n\u00e3o \u00e9 f\u00e1cil.&nbsp; Tem o&hellip;&nbsp;<a href=\"https:\/\/cvmarj.org.br\/site\/index.php\/2022\/08\/31\/lembranca-24\/\" class=\"\" rel=\"bookmark\">Ler mais &raquo;<span class=\"screen-reader-text\">Lembran\u00e7a 24<\/span><\/a><\/p>\n","protected":false},"author":1,"featured_media":3785,"comment_status":"closed","ping_status":"closed","sticky":false,"template":"","format":"standard","meta":{"neve_meta_sidebar":"full-width","neve_meta_container":"","neve_meta_enable_content_width":"","neve_meta_content_width":0,"neve_meta_title_alignment":"center","neve_meta_author_avatar":"","neve_post_elements_order":"[\"title\",\"meta\",\"content\",\"tags\",\"comments\"]","neve_meta_disable_header":"","neve_meta_disable_footer":"","neve_meta_disable_title":"","footnotes":""},"categories":[16],"tags":[],"_links":{"self":[{"href":"https:\/\/cvmarj.org.br\/site\/index.php\/wp-json\/wp\/v2\/posts\/4070"}],"collection":[{"href":"https:\/\/cvmarj.org.br\/site\/index.php\/wp-json\/wp\/v2\/posts"}],"about":[{"href":"https:\/\/cvmarj.org.br\/site\/index.php\/wp-json\/wp\/v2\/types\/post"}],"author":[{"embeddable":true,"href":"https:\/\/cvmarj.org.br\/site\/index.php\/wp-json\/wp\/v2\/users\/1"}],"replies":[{"embeddable":true,"href":"https:\/\/cvmarj.org.br\/site\/index.php\/wp-json\/wp\/v2\/comments?post=4070"}],"version-history":[{"count":1,"href":"https:\/\/cvmarj.org.br\/site\/index.php\/wp-json\/wp\/v2\/posts\/4070\/revisions"}],"predecessor-version":[{"id":4071,"href":"https:\/\/cvmarj.org.br\/site\/index.php\/wp-json\/wp\/v2\/posts\/4070\/revisions\/4071"}],"wp:featuredmedia":[{"embeddable":true,"href":"https:\/\/cvmarj.org.br\/site\/index.php\/wp-json\/wp\/v2\/media\/3785"}],"wp:attachment":[{"href":"https:\/\/cvmarj.org.br\/site\/index.php\/wp-json\/wp\/v2\/media?parent=4070"}],"wp:term":[{"taxonomy":"category","embeddable":true,"href":"https:\/\/cvmarj.org.br\/site\/index.php\/wp-json\/wp\/v2\/categories?post=4070"},{"taxonomy":"post_tag","embeddable":true,"href":"https:\/\/cvmarj.org.br\/site\/index.php\/wp-json\/wp\/v2\/tags?post=4070"}],"curies":[{"name":"wp","href":"https:\/\/api.w.org\/{rel}","templated":true}]}}