{"id":4108,"date":"2022-09-03T12:14:18","date_gmt":"2022-09-03T15:14:18","guid":{"rendered":"https:\/\/cvmarj.org.br\/site\/?p=4108"},"modified":"2022-09-03T12:14:20","modified_gmt":"2022-09-03T15:14:20","slug":"tenho-orgulho-de-pertencer-ao-cvmarj","status":"publish","type":"post","link":"https:\/\/cvmarj.org.br\/site\/index.php\/2022\/09\/03\/tenho-orgulho-de-pertencer-ao-cvmarj\/","title":{"rendered":"TENHO ORGULHO DE PERTENCER AO CVMARJ."},"content":{"rendered":"\n<p><\/p>\n\n\n\n<p>Hoje 31\/08\/22, quarta feira, senti muito orgulho de pertencer ao CVMARJ.<\/p>\n\n\n\n<p>Vi o S\u00f3cio Eraldo S\u00e1, informando que est\u00e1 procurando uma geladeira em boas condi\u00e7\u00f5es para colocar na nossa cozinha.<\/p>\n\n\n\n<p>O Zeca, est\u00e1 vendo um outro bebedouro para colocar no local do outro que n\u00e3o tem como ser recuperado.<\/p>\n\n\n\n<p>Os S\u00f3cios, Roberto Braune, Juarez e Fernandinho, estiveram comigo no 21\u00b0 GAC, em Niter\u00f3i, buscando colocar o caminh\u00e3o GMC 1942 da Unidade em condi\u00e7\u00f5es de se deslocar pelos pr\u00f3prios meios na solenidade no dia 16\/09\/22.<\/p>\n\n\n\n<p>O S\u00f3cio Jos\u00e9 Carlos, mandou uma viatura da sua empresa pegar 3 beliches que foram doadas ao Clube, assim como iniciou o recolhimento de mesas e cadeiras doadas pelo Zeca, para serem pintadas na sua empresa.<\/p>\n\n\n\n<p>Finalizando, vemos a instala\u00e7\u00e3o da bomba d&#8217;agua doada pelo Maur\u00edcio, sendo instalada em definitivo, pelo Homero, que tem feito coisas espl\u00eandidas na nossa sede, uma delas, o Bar do Zeca, que ser\u00e1 inaugurado em breve.<\/p>\n\n\n\n<p>Belos exemplos de comprometimento que devem e precisam ser seguidos por todos.<\/p>\n\n\n\n<p>N\u00c3O PERGUNTE O QU\u00ca O CVMARJ PODE FAZER POR VOC\u00ca, E SIM O QU\u00ca VOC\u00ca PODE FAZER PELO CVMARJ!<\/p>\n\n\n\n<p>At.<\/p>\n\n\n\n<p>S\u00e9rgio Capella.<br>Presidente do CVMARJ.<\/p>\n\n\n\n<figure class=\"wp-block-gallery has-nested-images columns-default is-cropped wp-block-gallery-1 is-layout-flex wp-block-gallery-is-layout-flex\">\n<figure class=\"wp-block-image size-large\"><img fetchpriority=\"high\" decoding=\"async\" width=\"473\" height=\"1024\" data-id=\"4111\" src=\"https:\/\/cvmarj.org.br\/site\/wp-content\/uploads\/2022\/09\/WhatsApp-Image-2022-08-31-at-6.40.50-PM-473x1024.jpeg\" alt=\"\" class=\"wp-image-4111\" srcset=\"https:\/\/cvmarj.org.br\/site\/wp-content\/uploads\/2022\/09\/WhatsApp-Image-2022-08-31-at-6.40.50-PM-473x1024.jpeg 473w, https:\/\/cvmarj.org.br\/site\/wp-content\/uploads\/2022\/09\/WhatsApp-Image-2022-08-31-at-6.40.50-PM-139x300.jpeg 139w, https:\/\/cvmarj.org.br\/site\/wp-content\/uploads\/2022\/09\/WhatsApp-Image-2022-08-31-at-6.40.50-PM.jpeg 532w\" sizes=\"(max-width: 473px) 100vw, 473px\" \/><\/figure>\n\n\n\n<figure class=\"wp-block-image size-large\"><img decoding=\"async\" width=\"576\" height=\"1024\" data-id=\"4112\" src=\"https:\/\/cvmarj.org.br\/site\/wp-content\/uploads\/2022\/09\/WhatsApp-Image-2022-08-31-at-6.40.49-PM-1-576x1024.jpeg\" alt=\"\" class=\"wp-image-4112\" srcset=\"https:\/\/cvmarj.org.br\/site\/wp-content\/uploads\/2022\/09\/WhatsApp-Image-2022-08-31-at-6.40.49-PM-1-576x1024.jpeg 576w, https:\/\/cvmarj.org.br\/site\/wp-content\/uploads\/2022\/09\/WhatsApp-Image-2022-08-31-at-6.40.49-PM-1-169x300.jpeg 169w, https:\/\/cvmarj.org.br\/site\/wp-content\/uploads\/2022\/09\/WhatsApp-Image-2022-08-31-at-6.40.49-PM-1.jpeg 720w\" sizes=\"(max-width: 576px) 100vw, 576px\" \/><\/figure>\n\n\n\n<figure class=\"wp-block-image size-large\"><img decoding=\"async\" width=\"576\" height=\"1024\" data-id=\"4110\" src=\"https:\/\/cvmarj.org.br\/site\/wp-content\/uploads\/2022\/09\/WhatsApp-Image-2022-08-31-at-6.40.49-PM-576x1024.jpeg\" alt=\"\" class=\"wp-image-4110\" srcset=\"https:\/\/cvmarj.org.br\/site\/wp-content\/uploads\/2022\/09\/WhatsApp-Image-2022-08-31-at-6.40.49-PM-576x1024.jpeg 576w, https:\/\/cvmarj.org.br\/site\/wp-content\/uploads\/2022\/09\/WhatsApp-Image-2022-08-31-at-6.40.49-PM-169x300.jpeg 169w, https:\/\/cvmarj.org.br\/site\/wp-content\/uploads\/2022\/09\/WhatsApp-Image-2022-08-31-at-6.40.49-PM.jpeg 720w\" sizes=\"(max-width: 576px) 100vw, 576px\" \/><\/figure>\n\n\n\n<figure class=\"wp-block-image size-large\"><img loading=\"lazy\" decoding=\"async\" width=\"768\" height=\"1024\" data-id=\"4113\" src=\"https:\/\/cvmarj.org.br\/site\/wp-content\/uploads\/2022\/09\/WhatsApp-Image-2022-08-31-at-6.40.48-PM-768x1024.jpeg\" alt=\"\" class=\"wp-image-4113\" srcset=\"https:\/\/cvmarj.org.br\/site\/wp-content\/uploads\/2022\/09\/WhatsApp-Image-2022-08-31-at-6.40.48-PM-768x1024.jpeg 768w, https:\/\/cvmarj.org.br\/site\/wp-content\/uploads\/2022\/09\/WhatsApp-Image-2022-08-31-at-6.40.48-PM-225x300.jpeg 225w, https:\/\/cvmarj.org.br\/site\/wp-content\/uploads\/2022\/09\/WhatsApp-Image-2022-08-31-at-6.40.48-PM-1152x1536.jpeg 1152w, https:\/\/cvmarj.org.br\/site\/wp-content\/uploads\/2022\/09\/WhatsApp-Image-2022-08-31-at-6.40.48-PM.jpeg 1200w\" sizes=\"(max-width: 768px) 100vw, 768px\" \/><\/figure>\n<\/figure>\n","protected":false},"excerpt":{"rendered":"<p>Hoje 31\/08\/22, quarta feira, senti muito orgulho de pertencer ao CVMARJ. Vi o S\u00f3cio Eraldo S\u00e1, informando que est\u00e1 procurando uma geladeira em boas condi\u00e7\u00f5es para colocar na nossa cozinha. O Zeca, est\u00e1 vendo um outro bebedouro para colocar no local do outro que n\u00e3o tem como ser recuperado. Os S\u00f3cios, Roberto Braune, Juarez e&hellip;&nbsp;<a href=\"https:\/\/cvmarj.org.br\/site\/index.php\/2022\/09\/03\/tenho-orgulho-de-pertencer-ao-cvmarj\/\" class=\"\" rel=\"bookmark\">Ler mais &raquo;<span class=\"screen-reader-text\">TENHO ORGULHO DE PERTENCER AO CVMARJ.<\/span><\/a><\/p>\n","protected":false},"author":1,"featured_media":4109,"comment_status":"closed","ping_status":"closed","sticky":false,"template":"","format":"standard","meta":{"neve_meta_sidebar":"full-width","neve_meta_container":"","neve_meta_enable_content_width":"","neve_meta_content_width":0,"neve_meta_title_alignment":"center","neve_meta_author_avatar":"","neve_post_elements_order":"[\"title\",\"meta\",\"content\",\"tags\",\"comments\"]","neve_meta_disable_header":"","neve_meta_disable_footer":"","neve_meta_disable_title":"","footnotes":""},"categories":[9],"tags":[],"_links":{"self":[{"href":"https:\/\/cvmarj.org.br\/site\/index.php\/wp-json\/wp\/v2\/posts\/4108"}],"collection":[{"href":"https:\/\/cvmarj.org.br\/site\/index.php\/wp-json\/wp\/v2\/posts"}],"about":[{"href":"https:\/\/cvmarj.org.br\/site\/index.php\/wp-json\/wp\/v2\/types\/post"}],"author":[{"embeddable":true,"href":"https:\/\/cvmarj.org.br\/site\/index.php\/wp-json\/wp\/v2\/users\/1"}],"replies":[{"embeddable":true,"href":"https:\/\/cvmarj.org.br\/site\/index.php\/wp-json\/wp\/v2\/comments?post=4108"}],"version-history":[{"count":1,"href":"https:\/\/cvmarj.org.br\/site\/index.php\/wp-json\/wp\/v2\/posts\/4108\/revisions"}],"predecessor-version":[{"id":4114,"href":"https:\/\/cvmarj.org.br\/site\/index.php\/wp-json\/wp\/v2\/posts\/4108\/revisions\/4114"}],"wp:featuredmedia":[{"embeddable":true,"href":"https:\/\/cvmarj.org.br\/site\/index.php\/wp-json\/wp\/v2\/media\/4109"}],"wp:attachment":[{"href":"https:\/\/cvmarj.org.br\/site\/index.php\/wp-json\/wp\/v2\/media?parent=4108"}],"wp:term":[{"taxonomy":"category","embeddable":true,"href":"https:\/\/cvmarj.org.br\/site\/index.php\/wp-json\/wp\/v2\/categories?post=4108"},{"taxonomy":"post_tag","embeddable":true,"href":"https:\/\/cvmarj.org.br\/site\/index.php\/wp-json\/wp\/v2\/tags?post=4108"}],"curies":[{"name":"wp","href":"https:\/\/api.w.org\/{rel}","templated":true}]}}