{"id":4123,"date":"2022-09-03T12:24:53","date_gmt":"2022-09-03T15:24:53","guid":{"rendered":"https:\/\/cvmarj.org.br\/site\/?p=4123"},"modified":"2022-09-03T12:25:40","modified_gmt":"2022-09-03T15:25:40","slug":"4123","status":"publish","type":"post","link":"https:\/\/cvmarj.org.br\/site\/index.php\/2022\/09\/03\/4123\/","title":{"rendered":"Mande sua foto tamb\u00e9m!"},"content":{"rendered":"\n<p>Essas m\u00e1quinas de guerra estaram em forma no dia 07\/09\/2022, em Niter\u00f3i.<br>Mande uma foto da sua m\u00e1quina que tamb\u00e9m vai!<\/p>\n\n\n\n<figure class=\"wp-block-gallery has-nested-images columns-default is-cropped wp-block-gallery-1 is-layout-flex wp-block-gallery-is-layout-flex\">\n<figure class=\"wp-block-image size-large\"><img fetchpriority=\"high\" decoding=\"async\" width=\"1024\" height=\"497\" data-id=\"4129\" src=\"https:\/\/cvmarj.org.br\/site\/wp-content\/uploads\/2022\/09\/WhatsApp-Image-2022-09-02-at-5.26.05-AM-1024x497.jpeg\" alt=\"\" class=\"wp-image-4129\" srcset=\"https:\/\/cvmarj.org.br\/site\/wp-content\/uploads\/2022\/09\/WhatsApp-Image-2022-09-02-at-5.26.05-AM-1024x497.jpeg 1024w, https:\/\/cvmarj.org.br\/site\/wp-content\/uploads\/2022\/09\/WhatsApp-Image-2022-09-02-at-5.26.05-AM-300x146.jpeg 300w, https:\/\/cvmarj.org.br\/site\/wp-content\/uploads\/2022\/09\/WhatsApp-Image-2022-09-02-at-5.26.05-AM-768x373.jpeg 768w, https:\/\/cvmarj.org.br\/site\/wp-content\/uploads\/2022\/09\/WhatsApp-Image-2022-09-02-at-5.26.05-AM-1536x746.jpeg 1536w, https:\/\/cvmarj.org.br\/site\/wp-content\/uploads\/2022\/09\/WhatsApp-Image-2022-09-02-at-5.26.05-AM.jpeg 1600w\" sizes=\"(max-width: 1024px) 100vw, 1024px\" \/><\/figure>\n\n\n\n<figure class=\"wp-block-image size-large\"><img decoding=\"async\" width=\"1024\" height=\"768\" data-id=\"4125\" src=\"https:\/\/cvmarj.org.br\/site\/wp-content\/uploads\/2022\/09\/WhatsApp-Image-2022-09-02-at-5.20.10-AM.jpeg\" alt=\"\" class=\"wp-image-4125\" srcset=\"https:\/\/cvmarj.org.br\/site\/wp-content\/uploads\/2022\/09\/WhatsApp-Image-2022-09-02-at-5.20.10-AM.jpeg 1024w, https:\/\/cvmarj.org.br\/site\/wp-content\/uploads\/2022\/09\/WhatsApp-Image-2022-09-02-at-5.20.10-AM-300x225.jpeg 300w, https:\/\/cvmarj.org.br\/site\/wp-content\/uploads\/2022\/09\/WhatsApp-Image-2022-09-02-at-5.20.10-AM-768x576.jpeg 768w\" sizes=\"(max-width: 1024px) 100vw, 1024px\" \/><\/figure>\n\n\n\n<figure class=\"wp-block-image size-large\"><img decoding=\"async\" width=\"720\" height=\"536\" data-id=\"4124\" src=\"https:\/\/cvmarj.org.br\/site\/wp-content\/uploads\/2022\/09\/WhatsApp-Image-2022-09-02-at-5.11.30-AM.jpeg\" alt=\"\" class=\"wp-image-4124\" srcset=\"https:\/\/cvmarj.org.br\/site\/wp-content\/uploads\/2022\/09\/WhatsApp-Image-2022-09-02-at-5.11.30-AM.jpeg 720w, https:\/\/cvmarj.org.br\/site\/wp-content\/uploads\/2022\/09\/WhatsApp-Image-2022-09-02-at-5.11.30-AM-300x223.jpeg 300w\" sizes=\"(max-width: 720px) 100vw, 720px\" \/><\/figure>\n\n\n\n<figure class=\"wp-block-image size-large\"><img loading=\"lazy\" decoding=\"async\" width=\"1024\" height=\"768\" data-id=\"4128\" src=\"https:\/\/cvmarj.org.br\/site\/wp-content\/uploads\/2022\/09\/WhatsApp-Image-2022-09-01-at-11.02.40-PM-1024x768.jpeg\" alt=\"\" class=\"wp-image-4128\" srcset=\"https:\/\/cvmarj.org.br\/site\/wp-content\/uploads\/2022\/09\/WhatsApp-Image-2022-09-01-at-11.02.40-PM-1024x768.jpeg 1024w, https:\/\/cvmarj.org.br\/site\/wp-content\/uploads\/2022\/09\/WhatsApp-Image-2022-09-01-at-11.02.40-PM-300x225.jpeg 300w, https:\/\/cvmarj.org.br\/site\/wp-content\/uploads\/2022\/09\/WhatsApp-Image-2022-09-01-at-11.02.40-PM-768x576.jpeg 768w, https:\/\/cvmarj.org.br\/site\/wp-content\/uploads\/2022\/09\/WhatsApp-Image-2022-09-01-at-11.02.40-PM.jpeg 1032w\" sizes=\"(max-width: 1024px) 100vw, 1024px\" \/><\/figure>\n\n\n\n<figure class=\"wp-block-image size-large\"><img loading=\"lazy\" decoding=\"async\" width=\"896\" height=\"1024\" data-id=\"4130\" src=\"https:\/\/cvmarj.org.br\/site\/wp-content\/uploads\/2022\/09\/WhatsApp-Image-2022-09-01-at-10.55.50-PM-896x1024.jpeg\" alt=\"\" class=\"wp-image-4130\" srcset=\"https:\/\/cvmarj.org.br\/site\/wp-content\/uploads\/2022\/09\/WhatsApp-Image-2022-09-01-at-10.55.50-PM-896x1024.jpeg 896w, https:\/\/cvmarj.org.br\/site\/wp-content\/uploads\/2022\/09\/WhatsApp-Image-2022-09-01-at-10.55.50-PM-263x300.jpeg 263w, https:\/\/cvmarj.org.br\/site\/wp-content\/uploads\/2022\/09\/WhatsApp-Image-2022-09-01-at-10.55.50-PM-768x877.jpeg 768w, https:\/\/cvmarj.org.br\/site\/wp-content\/uploads\/2022\/09\/WhatsApp-Image-2022-09-01-at-10.55.50-PM.jpeg 1061w\" sizes=\"(max-width: 896px) 100vw, 896px\" \/><\/figure>\n\n\n\n<figure class=\"wp-block-image size-large\"><img loading=\"lazy\" decoding=\"async\" width=\"768\" height=\"1024\" data-id=\"4126\" src=\"https:\/\/cvmarj.org.br\/site\/wp-content\/uploads\/2022\/09\/WhatsApp-Image-2022-09-01-at-10.54.40-PM-768x1024.jpeg\" alt=\"\" class=\"wp-image-4126\" srcset=\"https:\/\/cvmarj.org.br\/site\/wp-content\/uploads\/2022\/09\/WhatsApp-Image-2022-09-01-at-10.54.40-PM-768x1024.jpeg 768w, https:\/\/cvmarj.org.br\/site\/wp-content\/uploads\/2022\/09\/WhatsApp-Image-2022-09-01-at-10.54.40-PM-225x300.jpeg 225w, https:\/\/cvmarj.org.br\/site\/wp-content\/uploads\/2022\/09\/WhatsApp-Image-2022-09-01-at-10.54.40-PM.jpeg 774w\" sizes=\"(max-width: 768px) 100vw, 768px\" \/><\/figure>\n\n\n\n<figure class=\"wp-block-image size-large\"><img loading=\"lazy\" decoding=\"async\" width=\"1024\" height=\"473\" data-id=\"4127\" src=\"https:\/\/cvmarj.org.br\/site\/wp-content\/uploads\/2022\/09\/WhatsApp-Image-2022-09-01-at-10.43.55-PM-1024x473.jpeg\" alt=\"\" class=\"wp-image-4127\" srcset=\"https:\/\/cvmarj.org.br\/site\/wp-content\/uploads\/2022\/09\/WhatsApp-Image-2022-09-01-at-10.43.55-PM-1024x473.jpeg 1024w, https:\/\/cvmarj.org.br\/site\/wp-content\/uploads\/2022\/09\/WhatsApp-Image-2022-09-01-at-10.43.55-PM-300x138.jpeg 300w, https:\/\/cvmarj.org.br\/site\/wp-content\/uploads\/2022\/09\/WhatsApp-Image-2022-09-01-at-10.43.55-PM-768x354.jpeg 768w, https:\/\/cvmarj.org.br\/site\/wp-content\/uploads\/2022\/09\/WhatsApp-Image-2022-09-01-at-10.43.55-PM-1536x709.jpeg 1536w, https:\/\/cvmarj.org.br\/site\/wp-content\/uploads\/2022\/09\/WhatsApp-Image-2022-09-01-at-10.43.55-PM.jpeg 1599w\" sizes=\"(max-width: 1024px) 100vw, 1024px\" \/><\/figure>\n<\/figure>\n","protected":false},"excerpt":{"rendered":"<p>Essas m\u00e1quinas de guerra estaram em forma no dia 07\/09\/2022, em Niter\u00f3i.Mande uma foto da sua m\u00e1quina que tamb\u00e9m vai!<\/p>\n","protected":false},"author":1,"featured_media":4131,"comment_status":"closed","ping_status":"closed","sticky":false,"template":"","format":"standard","meta":{"neve_meta_sidebar":"full-width","neve_meta_container":"","neve_meta_enable_content_width":"","neve_meta_content_width":0,"neve_meta_title_alignment":"center","neve_meta_author_avatar":"","neve_post_elements_order":"[\"title\",\"meta\",\"content\",\"tags\",\"comments\"]","neve_meta_disable_header":"","neve_meta_disable_footer":"","neve_meta_disable_title":"","footnotes":""},"categories":[9],"tags":[],"_links":{"self":[{"href":"https:\/\/cvmarj.org.br\/site\/index.php\/wp-json\/wp\/v2\/posts\/4123"}],"collection":[{"href":"https:\/\/cvmarj.org.br\/site\/index.php\/wp-json\/wp\/v2\/posts"}],"about":[{"href":"https:\/\/cvmarj.org.br\/site\/index.php\/wp-json\/wp\/v2\/types\/post"}],"author":[{"embeddable":true,"href":"https:\/\/cvmarj.org.br\/site\/index.php\/wp-json\/wp\/v2\/users\/1"}],"replies":[{"embeddable":true,"href":"https:\/\/cvmarj.org.br\/site\/index.php\/wp-json\/wp\/v2\/comments?post=4123"}],"version-history":[{"count":2,"href":"https:\/\/cvmarj.org.br\/site\/index.php\/wp-json\/wp\/v2\/posts\/4123\/revisions"}],"predecessor-version":[{"id":4133,"href":"https:\/\/cvmarj.org.br\/site\/index.php\/wp-json\/wp\/v2\/posts\/4123\/revisions\/4133"}],"wp:featuredmedia":[{"embeddable":true,"href":"https:\/\/cvmarj.org.br\/site\/index.php\/wp-json\/wp\/v2\/media\/4131"}],"wp:attachment":[{"href":"https:\/\/cvmarj.org.br\/site\/index.php\/wp-json\/wp\/v2\/media?parent=4123"}],"wp:term":[{"taxonomy":"category","embeddable":true,"href":"https:\/\/cvmarj.org.br\/site\/index.php\/wp-json\/wp\/v2\/categories?post=4123"},{"taxonomy":"post_tag","embeddable":true,"href":"https:\/\/cvmarj.org.br\/site\/index.php\/wp-json\/wp\/v2\/tags?post=4123"}],"curies":[{"name":"wp","href":"https:\/\/api.w.org\/{rel}","templated":true}]}}