{"id":4139,"date":"2022-09-03T12:44:00","date_gmt":"2022-09-03T15:44:00","guid":{"rendered":"https:\/\/cvmarj.org.br\/site\/?p=4139"},"modified":"2022-09-03T12:44:02","modified_gmt":"2022-09-03T15:44:02","slug":"hoje-sabado-03-09-22-e-o-dia-d","status":"publish","type":"post","link":"https:\/\/cvmarj.org.br\/site\/index.php\/2022\/09\/03\/hoje-sabado-03-09-22-e-o-dia-d\/","title":{"rendered":"HOJE, S\u00c1BADO, 03\/09\/22, \u00c9 O &#8220;DIA D&#8221;"},"content":{"rendered":"\n<p>PARA A PREPARA\u00c7\u00c3O DAS VIATURAS QUE PARTICIPAR\u00c3O DO &#8220;DESFILE C\u00cdVICO E MILITAR NO DIA 7 DE SETEMBRO DE 2022&#8221;, QUANDO FAREMOS A APRESENTA\u00c7\u00c3O OFICIAL DO CVMARJ NA CIDADE DE NITER\u00d3I, NAS COMEMORA\u00c7\u00d5ES DOS &#8220;200 ANOS DA INDEPEND\u00caNCIA DO BRASIL.<\/p>\n\n\n\n<p>PRECISAMOS DE UMA GRANDE REPRESENTA\u00c7\u00c3O DE VIATURAS E MOTOS DO CLUBE.<\/p>\n\n\n\n<p>NA SEGUNDA FEIRA, TEREMOS REUNI\u00c3O FINAL NA AD\/1, RESPONS\u00c1VEL PELA ORGANIZA\u00c7\u00c3O DO DESFILE.<\/p>\n\n\n\n<p>TAMB\u00c9M ESTAMOS FINALIZANDO A ORGANIZA\u00c7\u00c3O DO CHURRASCO, POR ADES\u00c3O, NO IATE CLUBE JURUJUBA.<\/p>\n\n\n\n<p>SEGUE ABAIXO, LEMBRAN\u00c7AS DE OUTRO GRANDE EVENTO REALIZADO PELO CVMARJ!<\/p>\n\n\n\n<p>VAMOS ARRUMAR AS NOSSAS M\u00c1QUINAS, AINDA D\u00c1 TEMPO.<\/p>\n\n\n\n<p>VAMOS EM FRENTE!<\/p>\n\n\n\n<p>SOMOS CVMARJ!<\/p>\n\n\n\n<p>AT.<\/p>\n\n\n\n<p>S\u00c9RGIO CAPELLA.<\/p>\n","protected":false},"excerpt":{"rendered":"<p>PARA A PREPARA\u00c7\u00c3O DAS VIATURAS QUE PARTICIPAR\u00c3O DO &#8220;DESFILE C\u00cdVICO E MILITAR NO DIA 7 DE SETEMBRO DE 2022&#8221;, QUANDO FAREMOS A APRESENTA\u00c7\u00c3O OFICIAL DO CVMARJ NA CIDADE DE NITER\u00d3I, NAS COMEMORA\u00c7\u00d5ES DOS &#8220;200 ANOS DA INDEPEND\u00caNCIA DO BRASIL. PRECISAMOS DE UMA GRANDE REPRESENTA\u00c7\u00c3O DE VIATURAS E MOTOS DO CLUBE. NA SEGUNDA FEIRA, TEREMOS REUNI\u00c3O&hellip;&nbsp;<a href=\"https:\/\/cvmarj.org.br\/site\/index.php\/2022\/09\/03\/hoje-sabado-03-09-22-e-o-dia-d\/\" class=\"\" rel=\"bookmark\">Ler mais &raquo;<span class=\"screen-reader-text\">HOJE, S\u00c1BADO, 03\/09\/22, \u00c9 O &#8220;DIA D&#8221;<\/span><\/a><\/p>\n","protected":false},"author":1,"featured_media":4130,"comment_status":"closed","ping_status":"closed","sticky":false,"template":"","format":"standard","meta":{"neve_meta_sidebar":"full-width","neve_meta_container":"","neve_meta_enable_content_width":"","neve_meta_content_width":0,"neve_meta_title_alignment":"center","neve_meta_author_avatar":"","neve_post_elements_order":"[\"title\",\"meta\",\"content\",\"tags\",\"comments\"]","neve_meta_disable_header":"","neve_meta_disable_footer":"","neve_meta_disable_title":"","footnotes":""},"categories":[9],"tags":[],"_links":{"self":[{"href":"https:\/\/cvmarj.org.br\/site\/index.php\/wp-json\/wp\/v2\/posts\/4139"}],"collection":[{"href":"https:\/\/cvmarj.org.br\/site\/index.php\/wp-json\/wp\/v2\/posts"}],"about":[{"href":"https:\/\/cvmarj.org.br\/site\/index.php\/wp-json\/wp\/v2\/types\/post"}],"author":[{"embeddable":true,"href":"https:\/\/cvmarj.org.br\/site\/index.php\/wp-json\/wp\/v2\/users\/1"}],"replies":[{"embeddable":true,"href":"https:\/\/cvmarj.org.br\/site\/index.php\/wp-json\/wp\/v2\/comments?post=4139"}],"version-history":[{"count":1,"href":"https:\/\/cvmarj.org.br\/site\/index.php\/wp-json\/wp\/v2\/posts\/4139\/revisions"}],"predecessor-version":[{"id":4140,"href":"https:\/\/cvmarj.org.br\/site\/index.php\/wp-json\/wp\/v2\/posts\/4139\/revisions\/4140"}],"wp:featuredmedia":[{"embeddable":true,"href":"https:\/\/cvmarj.org.br\/site\/index.php\/wp-json\/wp\/v2\/media\/4130"}],"wp:attachment":[{"href":"https:\/\/cvmarj.org.br\/site\/index.php\/wp-json\/wp\/v2\/media?parent=4139"}],"wp:term":[{"taxonomy":"category","embeddable":true,"href":"https:\/\/cvmarj.org.br\/site\/index.php\/wp-json\/wp\/v2\/categories?post=4139"},{"taxonomy":"post_tag","embeddable":true,"href":"https:\/\/cvmarj.org.br\/site\/index.php\/wp-json\/wp\/v2\/tags?post=4139"}],"curies":[{"name":"wp","href":"https:\/\/api.w.org\/{rel}","templated":true}]}}