{"id":4148,"date":"2022-09-18T12:45:47","date_gmt":"2022-09-18T15:45:47","guid":{"rendered":"https:\/\/cvmarj.org.br\/site\/?p=4148"},"modified":"2022-09-18T12:46:42","modified_gmt":"2022-09-18T15:46:42","slug":"logo-da-federacao","status":"publish","type":"post","link":"https:\/\/cvmarj.org.br\/site\/index.php\/2022\/09\/18\/logo-da-federacao\/","title":{"rendered":"Logo da Federa\u00e7\u00e3o"},"content":{"rendered":"\n<p>Boa tarde, pediria aos amigos que porventura utilizam a logo da Federa\u00e7\u00e3o em suas publica\u00e7\u00f5es, \u201cbanners\u201d \u201cflyers\u201d etc, passem a adotar a logo acima, at\u00e9 31 de Dezembro.<br>Obrigado<\/p>\n\n\n\n<figure class=\"wp-block-gallery has-nested-images columns-default is-cropped wp-block-gallery-1 is-layout-flex wp-block-gallery-is-layout-flex\">\n<figure class=\"wp-block-image size-large\"><img fetchpriority=\"high\" decoding=\"async\" width=\"1024\" height=\"473\" data-id=\"4149\" src=\"https:\/\/cvmarj.org.br\/site\/wp-content\/uploads\/2022\/09\/WhatsApp-Image-2022-09-08-at-5.54.10-PM-1024x473.jpeg\" alt=\"\" class=\"wp-image-4149\" srcset=\"https:\/\/cvmarj.org.br\/site\/wp-content\/uploads\/2022\/09\/WhatsApp-Image-2022-09-08-at-5.54.10-PM-1024x473.jpeg 1024w, https:\/\/cvmarj.org.br\/site\/wp-content\/uploads\/2022\/09\/WhatsApp-Image-2022-09-08-at-5.54.10-PM-300x138.jpeg 300w, https:\/\/cvmarj.org.br\/site\/wp-content\/uploads\/2022\/09\/WhatsApp-Image-2022-09-08-at-5.54.10-PM-768x354.jpeg 768w, https:\/\/cvmarj.org.br\/site\/wp-content\/uploads\/2022\/09\/WhatsApp-Image-2022-09-08-at-5.54.10-PM-1536x709.jpeg 1536w, https:\/\/cvmarj.org.br\/site\/wp-content\/uploads\/2022\/09\/WhatsApp-Image-2022-09-08-at-5.54.10-PM.jpeg 1599w\" sizes=\"(max-width: 1024px) 100vw, 1024px\" \/><\/figure>\n\n\n\n<figure class=\"wp-block-image size-large\"><img decoding=\"async\" width=\"1024\" height=\"473\" data-id=\"4150\" src=\"https:\/\/cvmarj.org.br\/site\/wp-content\/uploads\/2022\/09\/WhatsApp-Image-2022-09-08-at-5.54.09-PM-1-1024x473.jpeg\" alt=\"\" class=\"wp-image-4150\" srcset=\"https:\/\/cvmarj.org.br\/site\/wp-content\/uploads\/2022\/09\/WhatsApp-Image-2022-09-08-at-5.54.09-PM-1-1024x473.jpeg 1024w, https:\/\/cvmarj.org.br\/site\/wp-content\/uploads\/2022\/09\/WhatsApp-Image-2022-09-08-at-5.54.09-PM-1-300x138.jpeg 300w, https:\/\/cvmarj.org.br\/site\/wp-content\/uploads\/2022\/09\/WhatsApp-Image-2022-09-08-at-5.54.09-PM-1-768x354.jpeg 768w, https:\/\/cvmarj.org.br\/site\/wp-content\/uploads\/2022\/09\/WhatsApp-Image-2022-09-08-at-5.54.09-PM-1-1536x709.jpeg 1536w, https:\/\/cvmarj.org.br\/site\/wp-content\/uploads\/2022\/09\/WhatsApp-Image-2022-09-08-at-5.54.09-PM-1.jpeg 1599w\" sizes=\"(max-width: 1024px) 100vw, 1024px\" \/><\/figure>\n\n\n\n<figure class=\"wp-block-image size-large\"><img decoding=\"async\" width=\"1024\" height=\"473\" data-id=\"4152\" src=\"https:\/\/cvmarj.org.br\/site\/wp-content\/uploads\/2022\/09\/WhatsApp-Image-2022-09-08-at-5.54.09-PM-1024x473.jpeg\" alt=\"\" class=\"wp-image-4152\" srcset=\"https:\/\/cvmarj.org.br\/site\/wp-content\/uploads\/2022\/09\/WhatsApp-Image-2022-09-08-at-5.54.09-PM-1024x473.jpeg 1024w, https:\/\/cvmarj.org.br\/site\/wp-content\/uploads\/2022\/09\/WhatsApp-Image-2022-09-08-at-5.54.09-PM-300x138.jpeg 300w, https:\/\/cvmarj.org.br\/site\/wp-content\/uploads\/2022\/09\/WhatsApp-Image-2022-09-08-at-5.54.09-PM-768x354.jpeg 768w, https:\/\/cvmarj.org.br\/site\/wp-content\/uploads\/2022\/09\/WhatsApp-Image-2022-09-08-at-5.54.09-PM-1536x709.jpeg 1536w, https:\/\/cvmarj.org.br\/site\/wp-content\/uploads\/2022\/09\/WhatsApp-Image-2022-09-08-at-5.54.09-PM.jpeg 1599w\" sizes=\"(max-width: 1024px) 100vw, 1024px\" \/><\/figure>\n\n\n\n<figure class=\"wp-block-image size-large\"><img loading=\"lazy\" decoding=\"async\" width=\"1024\" height=\"473\" data-id=\"4151\" src=\"https:\/\/cvmarj.org.br\/site\/wp-content\/uploads\/2022\/09\/WhatsApp-Image-2022-09-08-at-5.54.08-PM-1024x473.jpeg\" alt=\"\" class=\"wp-image-4151\" srcset=\"https:\/\/cvmarj.org.br\/site\/wp-content\/uploads\/2022\/09\/WhatsApp-Image-2022-09-08-at-5.54.08-PM-1024x473.jpeg 1024w, https:\/\/cvmarj.org.br\/site\/wp-content\/uploads\/2022\/09\/WhatsApp-Image-2022-09-08-at-5.54.08-PM-300x138.jpeg 300w, https:\/\/cvmarj.org.br\/site\/wp-content\/uploads\/2022\/09\/WhatsApp-Image-2022-09-08-at-5.54.08-PM-768x354.jpeg 768w, https:\/\/cvmarj.org.br\/site\/wp-content\/uploads\/2022\/09\/WhatsApp-Image-2022-09-08-at-5.54.08-PM-1536x709.jpeg 1536w, https:\/\/cvmarj.org.br\/site\/wp-content\/uploads\/2022\/09\/WhatsApp-Image-2022-09-08-at-5.54.08-PM.jpeg 1599w\" sizes=\"(max-width: 1024px) 100vw, 1024px\" \/><\/figure>\n<\/figure>\n","protected":false},"excerpt":{"rendered":"<p>Boa tarde, pediria aos amigos que porventura utilizam a logo da Federa\u00e7\u00e3o em suas publica\u00e7\u00f5es, \u201cbanners\u201d \u201cflyers\u201d etc, passem a adotar a logo acima, at\u00e9 31 de Dezembro.Obrigado<\/p>\n","protected":false},"author":1,"featured_media":4154,"comment_status":"closed","ping_status":"closed","sticky":false,"template":"","format":"standard","meta":{"neve_meta_sidebar":"full-width","neve_meta_container":"","neve_meta_enable_content_width":"","neve_meta_content_width":0,"neve_meta_title_alignment":"center","neve_meta_author_avatar":"","neve_post_elements_order":"[\"title\",\"meta\",\"content\",\"tags\",\"comments\"]","neve_meta_disable_header":"","neve_meta_disable_footer":"","neve_meta_disable_title":"","footnotes":""},"categories":[9],"tags":[],"_links":{"self":[{"href":"https:\/\/cvmarj.org.br\/site\/index.php\/wp-json\/wp\/v2\/posts\/4148"}],"collection":[{"href":"https:\/\/cvmarj.org.br\/site\/index.php\/wp-json\/wp\/v2\/posts"}],"about":[{"href":"https:\/\/cvmarj.org.br\/site\/index.php\/wp-json\/wp\/v2\/types\/post"}],"author":[{"embeddable":true,"href":"https:\/\/cvmarj.org.br\/site\/index.php\/wp-json\/wp\/v2\/users\/1"}],"replies":[{"embeddable":true,"href":"https:\/\/cvmarj.org.br\/site\/index.php\/wp-json\/wp\/v2\/comments?post=4148"}],"version-history":[{"count":1,"href":"https:\/\/cvmarj.org.br\/site\/index.php\/wp-json\/wp\/v2\/posts\/4148\/revisions"}],"predecessor-version":[{"id":4153,"href":"https:\/\/cvmarj.org.br\/site\/index.php\/wp-json\/wp\/v2\/posts\/4148\/revisions\/4153"}],"wp:featuredmedia":[{"embeddable":true,"href":"https:\/\/cvmarj.org.br\/site\/index.php\/wp-json\/wp\/v2\/media\/4154"}],"wp:attachment":[{"href":"https:\/\/cvmarj.org.br\/site\/index.php\/wp-json\/wp\/v2\/media?parent=4148"}],"wp:term":[{"taxonomy":"category","embeddable":true,"href":"https:\/\/cvmarj.org.br\/site\/index.php\/wp-json\/wp\/v2\/categories?post=4148"},{"taxonomy":"post_tag","embeddable":true,"href":"https:\/\/cvmarj.org.br\/site\/index.php\/wp-json\/wp\/v2\/tags?post=4148"}],"curies":[{"name":"wp","href":"https:\/\/api.w.org\/{rel}","templated":true}]}}