{"id":4158,"date":"2022-09-18T13:04:50","date_gmt":"2022-09-18T16:04:50","guid":{"rendered":"https:\/\/cvmarj.org.br\/site\/?p=4158"},"modified":"2022-09-18T13:15:09","modified_gmt":"2022-09-18T16:15:09","slug":"convite-militum-2022","status":"publish","type":"post","link":"https:\/\/cvmarj.org.br\/site\/index.php\/2022\/09\/18\/convite-militum-2022\/","title":{"rendered":"FESTIVAL MILITUM 2022"},"content":{"rendered":"\n<p><\/p>\n\n\n\n<p>Confira o programa detalhado e outras informa\u00e7\u00f5es em nossa p\u00e1gina<\/p>\n\n\n\n<p>As sess\u00f5es do Festival ocorrer\u00e3o no Instituto de Geografia e Hist\u00f3ria Militar do Brasil (22 e 23\/09) e no Centro de Estudos e Pesquisas de Hist\u00f3ria Militar do Ex\u00e9rcito (27 e 28\/09)<\/p>\n\n\n\n<p>Ap\u00f3s dois anos suspenso em virtude da pandemia de covid-19, o MILITUM &#8211; Festival de Cinema de Hist\u00f3ria Militar retoma suas atividades com vigor em 2022, celebrando o Bicenten\u00e1rio da Independ\u00eancia do Brasil. Em sua quarta edi\u00e7\u00e3o, o Festival Militum recebeu um n\u00famero recorde de obras inscritas, totalizando 50 filmes, sendo 37 document\u00e1rios, 08 fic\u00e7\u00f5es e 05 anima\u00e7\u00f5es, provenientes de 11 estados do Brasil (BA, CE, DF, GO, MG, MT, PB, PE, PR, RJ e SP), abrangendo quatro regi\u00f5es nacionais e totalizando mais de 23 horas de material audiovisual. Destacamos que tr\u00eas obras declararam terem sido produzidas especificamente para participarem do Festival Militum, refor\u00e7ando nossa proposta de fazer produzir a mem\u00f3ria nacional na cinematografia.<\/p>\n\n\n\n<p>Os filmes, produzidos entre 2013 e 2022, trouxeram como tema a Segunda Guerra Mundial, a For\u00e7a Expedicion\u00e1ria Brasileira e o 1\u00ba Grupo de Avia\u00e7\u00e3o de Ca\u00e7a na It\u00e1lia, a atua\u00e7\u00e3o da Pol\u00edcia Militar do Distrito Federal, a Avia\u00e7\u00e3o do Ex\u00e9rcito Brasileiro, a hist\u00f3ria da Esquadrilha da Fuma\u00e7a, a Revolu\u00e7\u00e3o de 1932, a forma\u00e7\u00e3o de pilotos de ca\u00e7a na For\u00e7a A\u00e9rea Brasileira, a trajet\u00f3ria do zeppelin K-36, uma hist\u00f3ria de tradi\u00e7\u00e3o cultural no uso da p\u00f3lvora, os fortes e fortalezas hist\u00f3ricos que atuaram na defesa do territ\u00f3rio brasileiro e a atua\u00e7\u00e3o do Servi\u00e7o de Sa\u00fade em resposta ao acidente radioativo com c\u00e9sio-137 e no combate \u00e0 pandemia de covid-19.<\/p>\n\n\n\n<p>De todo esse valioso material, a Comiss\u00e3o Organizadora selecionou 22 obras, tamb\u00e9m um n\u00famero recorde, para serem exibidas ao p\u00fablico durante os quatro dias do Festival, concorrendo \u00e0s premia\u00e7\u00f5es concedidas pelo J\u00fari Popular e pelo J\u00fari Oficial, que entregar\u00e3o aos melhores filmes das diversas categorias o trof\u00e9u Apollo.<\/p>\n\n\n\n<p>O Festival Militum foi idealizado e \u00e9 dirigido pelo cineasta Daniel Mata Roque. O evento \u00e9 organizado pela P\u00e1tria Filmes, em parceria com o Instituto de Geografia e Hist\u00f3ria Militar do Brasil (IGHMB), o Centro de Estudos e Pesquisas de Hist\u00f3ria Militar do Ex\u00e9rcito da Diretoria do Patrim\u00f4nio Hist\u00f3rico e Cultural do Ex\u00e9rcito (CEPHiMEx\/DPHCEx), a Academia de Hist\u00f3ria Militar Terrestre do Brasil &#8211; Se\u00e7\u00e3o Rio de Janeiro (AHIMTB-RIO), a Associa\u00e7\u00e3o Nacional dos Veteranos da For\u00e7a Expedicion\u00e1ria Brasileira &#8211; Dire\u00e7\u00e3o Central (ANVFEB) e a Sociedade Amigos da Marinha &#8211; Rio de Janeiro (SOAMAR-RIO). Tem ainda o apoio do Clube de Ve\u00edculos Militares Antigos do Rio de Janeiro (CVMARJ), do Portal FEB e do CH Grupo.<\/p>\n\n\n\n<figure class=\"wp-block-image size-large\"><img fetchpriority=\"high\" decoding=\"async\" width=\"1024\" height=\"725\" src=\"https:\/\/cvmarj.org.br\/site\/wp-content\/uploads\/2022\/09\/WhatsApp-Image-2022-09-08-at-8.42.50-PM-1024x725.jpeg\" alt=\"\" class=\"wp-image-4159\" srcset=\"https:\/\/cvmarj.org.br\/site\/wp-content\/uploads\/2022\/09\/WhatsApp-Image-2022-09-08-at-8.42.50-PM-1024x725.jpeg 1024w, https:\/\/cvmarj.org.br\/site\/wp-content\/uploads\/2022\/09\/WhatsApp-Image-2022-09-08-at-8.42.50-PM-300x212.jpeg 300w, https:\/\/cvmarj.org.br\/site\/wp-content\/uploads\/2022\/09\/WhatsApp-Image-2022-09-08-at-8.42.50-PM-768x543.jpeg 768w, https:\/\/cvmarj.org.br\/site\/wp-content\/uploads\/2022\/09\/WhatsApp-Image-2022-09-08-at-8.42.50-PM.jpeg 1204w\" sizes=\"(max-width: 1024px) 100vw, 1024px\" \/><\/figure>\n","protected":false},"excerpt":{"rendered":"<p>Confira o programa detalhado e outras informa\u00e7\u00f5es em nossa p\u00e1gina As sess\u00f5es do Festival ocorrer\u00e3o no Instituto de Geografia e Hist\u00f3ria Militar do Brasil (22 e 23\/09) e no Centro de Estudos e Pesquisas de Hist\u00f3ria Militar do Ex\u00e9rcito (27 e 28\/09) Ap\u00f3s dois anos suspenso em virtude da pandemia de covid-19, o MILITUM &#8211;&hellip;&nbsp;<a href=\"https:\/\/cvmarj.org.br\/site\/index.php\/2022\/09\/18\/convite-militum-2022\/\" class=\"\" rel=\"bookmark\">Ler mais &raquo;<span class=\"screen-reader-text\">FESTIVAL MILITUM 2022<\/span><\/a><\/p>\n","protected":false},"author":1,"featured_media":4159,"comment_status":"closed","ping_status":"closed","sticky":false,"template":"","format":"standard","meta":{"neve_meta_sidebar":"full-width","neve_meta_container":"","neve_meta_enable_content_width":"","neve_meta_content_width":0,"neve_meta_title_alignment":"center","neve_meta_author_avatar":"","neve_post_elements_order":"[\"title\",\"meta\",\"content\",\"tags\",\"comments\"]","neve_meta_disable_header":"","neve_meta_disable_footer":"","neve_meta_disable_title":"","footnotes":""},"categories":[9],"tags":[],"_links":{"self":[{"href":"https:\/\/cvmarj.org.br\/site\/index.php\/wp-json\/wp\/v2\/posts\/4158"}],"collection":[{"href":"https:\/\/cvmarj.org.br\/site\/index.php\/wp-json\/wp\/v2\/posts"}],"about":[{"href":"https:\/\/cvmarj.org.br\/site\/index.php\/wp-json\/wp\/v2\/types\/post"}],"author":[{"embeddable":true,"href":"https:\/\/cvmarj.org.br\/site\/index.php\/wp-json\/wp\/v2\/users\/1"}],"replies":[{"embeddable":true,"href":"https:\/\/cvmarj.org.br\/site\/index.php\/wp-json\/wp\/v2\/comments?post=4158"}],"version-history":[{"count":2,"href":"https:\/\/cvmarj.org.br\/site\/index.php\/wp-json\/wp\/v2\/posts\/4158\/revisions"}],"predecessor-version":[{"id":4166,"href":"https:\/\/cvmarj.org.br\/site\/index.php\/wp-json\/wp\/v2\/posts\/4158\/revisions\/4166"}],"wp:featuredmedia":[{"embeddable":true,"href":"https:\/\/cvmarj.org.br\/site\/index.php\/wp-json\/wp\/v2\/media\/4159"}],"wp:attachment":[{"href":"https:\/\/cvmarj.org.br\/site\/index.php\/wp-json\/wp\/v2\/media?parent=4158"}],"wp:term":[{"taxonomy":"category","embeddable":true,"href":"https:\/\/cvmarj.org.br\/site\/index.php\/wp-json\/wp\/v2\/categories?post=4158"},{"taxonomy":"post_tag","embeddable":true,"href":"https:\/\/cvmarj.org.br\/site\/index.php\/wp-json\/wp\/v2\/tags?post=4158"}],"curies":[{"name":"wp","href":"https:\/\/api.w.org\/{rel}","templated":true}]}}