{"id":4191,"date":"2022-09-18T14:39:16","date_gmt":"2022-09-18T17:39:16","guid":{"rendered":"https:\/\/cvmarj.org.br\/site\/?p=4191"},"modified":"2022-09-18T14:39:22","modified_gmt":"2022-09-18T17:39:22","slug":"cancelamento","status":"publish","type":"post","link":"https:\/\/cvmarj.org.br\/site\/index.php\/2022\/09\/18\/cancelamento\/","title":{"rendered":"Cancelamento"},"content":{"rendered":"\n<p>EM VIRTUDE DAS CHUVAS CONSTANTES, A APRESENTA\u00c7\u00c3O DE MOTOS E VIATURAS, HOJE, NO 21\u00b0 GAC, EST\u00c1 CANCELADA.<\/p>\n\n\n\n<p>REUNI\u00c3O DA DIRETORIA E CONSELHOS, AMANH\u00c3 EM TUBIACANGA, MANTIDA.<\/p>\n\n\n\n<p>ENCONTRO MENSAL NO MUSEU MILITAR CONDE DE LINHARES, DOMINGO, MANTIDO.<\/p>\n\n\n\n<p>SOMOS CVMARJ!<\/p>\n\n\n\n<p>VAMOS EM FRENTE!<\/p>\n","protected":false},"excerpt":{"rendered":"<p>EM VIRTUDE DAS CHUVAS CONSTANTES, A APRESENTA\u00c7\u00c3O DE MOTOS E VIATURAS, HOJE, NO 21\u00b0 GAC, EST\u00c1 CANCELADA. REUNI\u00c3O DA DIRETORIA E CONSELHOS, AMANH\u00c3 EM TUBIACANGA, MANTIDA. ENCONTRO MENSAL NO MUSEU MILITAR CONDE DE LINHARES, DOMINGO, MANTIDO. SOMOS CVMARJ! VAMOS EM FRENTE!<\/p>\n","protected":false},"author":1,"featured_media":4192,"comment_status":"closed","ping_status":"closed","sticky":false,"template":"","format":"standard","meta":{"neve_meta_sidebar":"full-width","neve_meta_container":"","neve_meta_enable_content_width":"","neve_meta_content_width":0,"neve_meta_title_alignment":"center","neve_meta_author_avatar":"","neve_post_elements_order":"[\"title\",\"meta\",\"content\",\"tags\",\"comments\"]","neve_meta_disable_header":"","neve_meta_disable_footer":"","neve_meta_disable_title":"","footnotes":""},"categories":[9],"tags":[],"_links":{"self":[{"href":"https:\/\/cvmarj.org.br\/site\/index.php\/wp-json\/wp\/v2\/posts\/4191"}],"collection":[{"href":"https:\/\/cvmarj.org.br\/site\/index.php\/wp-json\/wp\/v2\/posts"}],"about":[{"href":"https:\/\/cvmarj.org.br\/site\/index.php\/wp-json\/wp\/v2\/types\/post"}],"author":[{"embeddable":true,"href":"https:\/\/cvmarj.org.br\/site\/index.php\/wp-json\/wp\/v2\/users\/1"}],"replies":[{"embeddable":true,"href":"https:\/\/cvmarj.org.br\/site\/index.php\/wp-json\/wp\/v2\/comments?post=4191"}],"version-history":[{"count":1,"href":"https:\/\/cvmarj.org.br\/site\/index.php\/wp-json\/wp\/v2\/posts\/4191\/revisions"}],"predecessor-version":[{"id":4193,"href":"https:\/\/cvmarj.org.br\/site\/index.php\/wp-json\/wp\/v2\/posts\/4191\/revisions\/4193"}],"wp:featuredmedia":[{"embeddable":true,"href":"https:\/\/cvmarj.org.br\/site\/index.php\/wp-json\/wp\/v2\/media\/4192"}],"wp:attachment":[{"href":"https:\/\/cvmarj.org.br\/site\/index.php\/wp-json\/wp\/v2\/media?parent=4191"}],"wp:term":[{"taxonomy":"category","embeddable":true,"href":"https:\/\/cvmarj.org.br\/site\/index.php\/wp-json\/wp\/v2\/categories?post=4191"},{"taxonomy":"post_tag","embeddable":true,"href":"https:\/\/cvmarj.org.br\/site\/index.php\/wp-json\/wp\/v2\/tags?post=4191"}],"curies":[{"name":"wp","href":"https:\/\/api.w.org\/{rel}","templated":true}]}}