{"id":4197,"date":"2022-09-22T19:02:50","date_gmt":"2022-09-22T22:02:50","guid":{"rendered":"https:\/\/cvmarj.org.br\/site\/?p=4197"},"modified":"2022-09-22T19:03:35","modified_gmt":"2022-09-22T22:03:35","slug":"lembranca-26-2","status":"publish","type":"post","link":"https:\/\/cvmarj.org.br\/site\/index.php\/2022\/09\/22\/lembranca-26-2\/","title":{"rendered":"Lembran\u00e7a 27"},"content":{"rendered":"\n<p>S\u00e9rie Sobre UNAVEM III<br>Por Iber\u00ea Mariano da Silva (\u25aa)<br>&nbsp;&nbsp; &nbsp;<br>1\u00aa parte.<\/p>\n\n\n\n<p>Quando eu servia na SCT (Secretaria de Ci\u00eancia e Tecnologia), fui designado para uma miss\u00e3o do EMFA ( Estado Maior das For\u00e7as Armadas) em Angola.<\/p>\n\n\n\n<p>Passo agora a relatar sobre a mesma.<\/p>\n\n\n\n<p>Primeiro, vejamos que se tratava da terceira miss\u00e3o da ONU em Angola.<\/p>\n\n\n\n<p>MISS\u00d5ES DA UNAVEM EM ANGOLA.<\/p>\n\n\n\n<p>\u00b7 UNAVEM I<br>Estabelecida a partir do Acordo de New York em 1988<br>Objetivo: Monitorar a sa\u00edda das tropas cubanas.<\/p>\n\n\n\n<p>\u00b7 UNAVEM II<br>Estabelecida a partir do Acordo de Bicesse em 1991.<\/p>\n\n\n\n<p>Objetivo: &nbsp;&nbsp;&nbsp;&nbsp;&nbsp;&nbsp;&nbsp;&nbsp;&nbsp; Monitorar situa\u00e7\u00e3o no per\u00edodo de elei\u00e7\u00f5es<br>Efetivo: &nbsp;&nbsp;&nbsp;&nbsp;&nbsp;&nbsp;&nbsp;&nbsp;&nbsp;&nbsp;&nbsp; 80 militares, policiais militares e m\u00e9dicos (no in\u00edcio); 350 observadores militares, 126 observadores policiais e apoio de EM (em novembro 1994).<\/p>\n\n\n\n<p>\u00b7 UNAVEM III<br>Estabelecida a partir do Protocolo de Lusaka em 1995.<\/p>\n\n\n\n<p>Objetivos:&nbsp;&nbsp;&nbsp;&nbsp;&nbsp;&nbsp;&nbsp;&nbsp; Incorporar miss\u00e3o UNAVEM II<br>Conduzir opera\u00e7\u00f5es de manuten\u00e7\u00e3o de Paz com base no Acordo de cessar fogo, seguindo as premissas estabelecidas no mandato do Conselho de Seguran\u00e7a e em conformidade com o Protocolo de Lusaka<br>Efetivo:&nbsp;&nbsp;&nbsp;&nbsp;&nbsp;&nbsp;&nbsp;&nbsp;&nbsp;&nbsp;&nbsp;&nbsp;&nbsp; Cerca de 7.000 homens de diversas na\u00e7\u00f5es, incluindo pessoal da UNAVEM II, Unidades de Infantaria, Apoio Log\u00edstico e outras.<\/p>\n\n\n\n<p>MISS\u00c3O DO EMFA.<\/p>\n\n\n\n<p>Portaria de designa\u00e7\u00e3o para miss\u00e3o no exterior: Portaria Ministerial No 681 de 23 Out de 1996<br>Dura\u00e7\u00e3o: 7 dias a partir de 7 de Nov.<\/p>\n\n\n\n<p>Miss\u00e3o: Viagem de Apoio ao COBRAVEM<br>Participa\u00e7\u00e3o: SCT, EME (5a), DMov \u2013 (1 Of por OM) , EsMB \u2013&nbsp; (1 Sgt), EsSA \u2013&nbsp; (2 Sgt) EMFA (FA-31) \u2013 (1 Of).<br>&nbsp;<br>Miss\u00e3o Particular do EMFA<\/p>\n\n\n\n<p>Prop\u00f3sito:<br>Realizar ressuprimento do COBRAVEM, verifica\u00e7\u00e3o das atividades em curso e da situa\u00e7\u00e3o do material.<\/p>\n\n\n\n<p>Per\u00edodo:<br>06 a 14 Nov 96<br>Concep\u00e7\u00e3o:<br>A viagem ser\u00e1 em aeronave, C-130 da FAB partindo do Rio de Janeiro para Luanda.<\/p>\n\n\n\n<p>A aeronave C-130, ser\u00e1 empregada para transporte de suprimentos do COBRAVEM e transporte da comitiva.<br>&nbsp;<br>A comitiva ser\u00e1 recebida pelo ADIFA\/LUANDA e por Oficiais brasileiros da UNAVEM III.<br>&nbsp;<br>O Chefe da comitiva ser\u00e1 o Cel QEM Iber\u00ea Mariano da Silva.<br>&nbsp;<br>&nbsp;Diversos:<\/p>\n\n\n\n<ul><li>Uniformes:<br>4oA1 (camuflado com blusa de servi\u00e7o\/gorro com pala)<br>Tarja BRASIL nas mangas do bra\u00e7o direito.<br>&nbsp; Equipamentos:<br>Capacete e colete \u00e0 prova de estilha\u00e7os ser\u00e3o fornecidos pelas unidades do COBRAVEM quando necess\u00e1rio.<\/li><\/ul>\n\n\n\n<p>Portar placas de identifica\u00e7\u00e3o de campanha durante toda miss\u00e3o<\/p>\n\n\n\n<ul><li>Armamento:<br>Nenhum<\/li><li>Passaporte:<br>Dever\u00e3o ser portados com respectivo visto de entrada em Angola.<\/li><li>Precau\u00e7\u00f5es m\u00e9dicas:<br>Observar prescri\u00e7\u00f5es da ONU e da OMS principalmente quanto \u00e0 profilaxia contra a mal\u00e1ria.<\/li><\/ul>\n\n\n\n<p>Devem estar vacinados contra febre amarela e munidos respectivo Certificado Internacional de Vacina\u00e7\u00e3o.<\/p>\n\n\n\n<p>No regresso, ainda na Base A\u00e9rea do Gale\u00e3o, ser\u00e3o submetidos \u00e0 um exame m\u00e9dico por equipe do Instituto de Biologia do Ex\u00e9rcito<\/p>\n\n\n\n<ul><li>Diferen\u00e7a de Fuso:<br>Luanda\/Bras\u00edlia \u2013 3 horas a mais em Luanda.<\/li><\/ul>\n\n\n\n<p>DISPOSI\u00c7\u00c3O DA TROPA BRASILEIRA NO TERRENO.<\/p>\n\n\n\n<p>\u00b7 Batalh\u00e3o de Infantaria de For\u00e7a de Paz (BRABAT)<br>Desdobrado principalmente nas Prov\u00edncias de Bie e&nbsp; Moxico. (63 Oficiais, 737 Pra\u00e7as).<\/p>\n\n\n\n<p>A sede do Batalh\u00e3o est\u00e1 localizada na cidade de Kuito com a 1a, 2a e 4a Cias desdobradas em Andulo, Lumeji Chitembo respectivamente. (119, 70, 124 militares).<\/p>\n\n\n\n<p>A 4a Cia \u00e9 constitu\u00edda de Fuzileiros Navais.<\/p>\n\n\n\n<p>A 3a &nbsp;Cia est\u00e1 pr\u00f3xima \u00e0 sede do batalh\u00e3o. (119 militares)<br>A Cia C Ap e a Cia Sv est\u00e3o juntas ao Batalh\u00e3o. (138, 160 militares.<\/p>\n\n\n\n<p>O EM do Btl possui mais 20 Oficiais).<br>&nbsp;<br>\u00b7 Companhia de Engenharia de For\u00e7a de Paz<br>Desdobrada principalmente nas prov\u00edncias de Bengo, Cuanza Norte, Malanje, Lunda Norte e&nbsp; Lunda Sul<br>A sede da Cia est\u00e1 localizada em Calamboloca.<br>Seus pelot\u00f5es de Constru\u00e7\u00e3o, Combate, Pontes, Manuten\u00e7\u00e3o \/ Suprimento de \u00c1gua desdobrados segundo as miss\u00f5es de curta dura\u00e7\u00e3o que lhe s\u00e3o atribu\u00eddas pelo Escal\u00e3o Superior.<\/p>\n\n\n\n<p>N\u00e3o tem nenhuma subordina\u00e7\u00e3o ao Batalh\u00e3o de Infantaria.<br>&nbsp;<br>\u00b7 Posto Avan\u00e7ado de Sa\u00fade<br>Localizado em Luena na Prov\u00edncia de Moxico.<\/p>\n\n\n\n<p>\u00b7 Base do Posto de Sa\u00fade Avan\u00e7ado (Marinha do Brasil)<br>Localizado em Huambo na Prov\u00edncia de mesmo nome.<\/p>\n\n\n\n<p>OS PREPARATIVOS.<\/p>\n\n\n\n<p>O Passaporte:<br>&nbsp;Foi providenciado junto ao SPE\/AJG do Cmdo CML.<\/p>\n\n\n\n<p>Foi solicitado c\u00f3pia da Carteira de Identidade e comprovante de vota\u00e7\u00e3o na \u00faltima elei\u00e7\u00e3o, 3 retratos 5&#215;7 e 2&nbsp; 3&#215;4, assinatura de documento requerendo visto de entrada em Angola. (Profissionais em a\u00e7\u00e3o).<br>&nbsp;<br>As Vacina\u00e7\u00f5es:<br>A vacina contra a Febre Amarela foi feita na Pra\u00e7a XV (Capitania dos Portos) no Departamento de Vigil\u00e2ncia Sanit\u00e1ria de Portos, Aeroportos e Fronteiras, da Secretaria de Vigil\u00e2ncia Sanit\u00e1ria, do Minist\u00e9rio da Sa\u00fade, em 16 Out 96.<\/p>\n\n\n\n<p>A vacina contra as patologias de T\u00e9tano e Hepatite B foram feitas no IBEx no final de Out 96. (Profissionais em a\u00e7\u00e3o).<\/p>\n\n\n\n<p>As Recomenda\u00e7\u00f5es do IBEx:<br>1.&nbsp;&nbsp; Vacinar-se (como descrito e executado acima);<br>1.&nbsp;&nbsp; N\u00e3o ingerir alimentos que n\u00e3o sejam preparados pela tropa brasileira ou em hotel de alta qualidade (Hotel Tr\u00f3pico),&nbsp; devido risco de C\u00f3lera, Hepatite tipo A e outras doen\u00e7as veiculadas pela \u00e1gua e pelos alimentos;<br>1.&nbsp;&nbsp; A \u00e1gua a ser ingerida, somente a tratada pelo Ex\u00e9rcito Brasileiro ou refrigerantes internacionais;<br>1.&nbsp;&nbsp; Evitar as sa\u00eddas ao entardecer e amanhecer, (maior incid\u00eancia dos mosquitos transmissores de Mal\u00e1ria;<br>1.&nbsp;&nbsp; Utilizar repelentes de mosquitos no uniforme e na pele exposta (LQFEx);<br>1.&nbsp;&nbsp; Usar mosquiteiros e aspergir inseticida no quarto em que for dormir;<br>1.&nbsp;&nbsp; Tomar Mefloquina (quimioprofilaxia da Mal\u00e1ria). Rem\u00e9dio fabricado pelo Ex\u00e9rcito no LQFEx.<\/p>\n\n\n\n<p>Iniciar 15 dias antes da viagem e continuar por um m\u00eas ap\u00f3s o regresso ao Brasil, ingerindo um comprimido por semana;<br>1&nbsp; Mesmo em uso da medica\u00e7\u00e3o que evita a mal\u00e1ria cerebral (mortal em 2 horas) se por ventura&nbsp; tiver febre no regresso ao Brasil, lembrar ao m\u00e9dico que o examinar da possibilidade de estar com Mal\u00e1ria;<br>1.&nbsp;&nbsp; No caso de rela\u00e7\u00e3o sexual, usar preservativo; e<br>1.&nbsp;&nbsp; Cuidados com risco de Cobras e outros animais pe\u00e7onhentos.<br>&nbsp;<\/p>\n\n\n\n<p>Visita ao LQFEx:<br>Gentilmente me foi cedido o repelente determinado nas orienta\u00e7\u00f5es do EME (5a Se\u00e7\u00e3o ) e recomendado pelo IBEx. (Profissionais em a\u00e7\u00e3o).<\/p>\n\n\n\n<p>Visita ao IBEx:<br>Gentilmente me foi cedido os comprimidos de Mefloquina, vacina\u00e7\u00e3o (3) al\u00e9m de palestra com as recomenda\u00e7\u00f5es acima descritas. (Profissionais em a\u00e7\u00e3o).<\/p>\n\n\n\n<p>O Visto:<br>Na tarde anterior ao embarque, que seria feito \u00e0s 6:00h da manh\u00e3, os passaportes dos 3 Sargentos e o meu estavam presos no Consulado de Angola sem previs\u00e3o de serem entregues.<\/p>\n\n\n\n<p>Juntamente com o Ten Cel Chefe da Se\u00e7\u00e3o do CML encarregado dos passaportes e os 3 Sargentos, fui ao Consulado aonde fomos gentilmente recebido pelo C\u00f4nsul Geral da Rep\u00fablica de Angola, Sr. Ismael da Silva, 1:00 h ap\u00f3s chegarmos (Ap\u00f3s amea\u00e7ar a secret\u00e1ria que ir\u00edamos embora).<\/p>\n\n\n\n<p>Este, identificou sua funcion\u00e1ria relapsa, que estava fazendo \u201ccorpo mole\u201d, advertiu-a, e ap\u00f3s 1:00 h, recebemos os passaportes com os referidos vistos.<\/p>\n\n\n\n<p>Estudo da Situa\u00e7\u00e3o:<br>Fiz um estudo geral do material de emprego militar que estava em Angola e coletei informa\u00e7\u00f5es gerais sobre o Pa\u00eds.<br>&nbsp;&nbsp;&nbsp;&nbsp;&nbsp;&nbsp;&nbsp;&nbsp;&nbsp;&nbsp; &nbsp;&nbsp;&nbsp;&nbsp;&nbsp;&nbsp;&nbsp;<br>A VIAGEM BRASIL ANGOLA.<\/p>\n\n\n\n<p>Ap\u00f3s a tripula\u00e7\u00e3o de 18 militares (5 Of e 13 Sgt), a comitiva ( 2 Of&nbsp; EB, 1 Of FN e 2 Sgt EB) e um Of FAB se apresentarem&nbsp; a mim (o militar mais antigo), embarcamos na Anv C-130.<\/p>\n\n\n\n<p>A aeronave j\u00e1 estava totalmente carregada com os suprimentos para Angola. (Estava com aprox 40 Ton inclusos 2 tanques externos extra de combust\u00edvel).<br>&nbsp;&nbsp;&nbsp;&nbsp; Acantonamos por sobre a carga e decolamos \u00e0s 8:00 h local, com destino a Recife.<\/p>\n\n\n\n<p>L\u00e1 chegamos ap\u00f3s 4:00 h de viagem, aonde almo\u00e7amos.<\/p>\n\n\n\n<p>Nos apresentamos (os 2 Maj Av e eu como Chefe da Comitiva) ao Cmt da Base A\u00e9rea de Recife e fomos tratados com toda fidalguia pelos companheiros que l\u00e1 servem.<\/p>\n\n\n\n<p>\u00c0s 14:00 h, com a aeronave reabastecida&nbsp; decolamos em dire\u00e7\u00e3o \u00e0 ilha de Ascen\u00e7\u00e3o aonde chegamos ap\u00f3s 4:30 h de v\u00f4o.<\/p>\n\n\n\n<p>L\u00e1 os 26 brasileiros foram alojados em um alojamento militar, ap\u00f3s cumprir algumas formalidades legais, tais como fornecer&nbsp; posto e nome de todos militares e destino da aeronave.<\/p>\n\n\n\n<p>Ap\u00f3s o pernoite, tomamos o caf\u00e9 da manh\u00e3 e pagamos cada um US$ 4,00 pela refei\u00e7\u00e3o e US$ 5,00 pelo alojamento.<\/p>\n\n\n\n<p>Cabe aqui ressaltar a necessidade de se recomendar levar dinheiro em esp\u00e9cie em moeda estrangeira, para fazer face a estas despesas, quando di\u00e1rias s\u00f3 ser\u00e3o pagas no \u00faltimo dia.<\/p>\n\n\n\n<p>Reabastecida a Anv, partimos \u00e0s 8:00 h local com destino \u00e0 Luanda voando por cerca de 5:50 h.<\/p>\n\n\n\n<p>Sobrevoamos a pista duas vezes, pois a torre n\u00e3o respondia. Sobrevoamos a pista por cautela para ver se n\u00e3o havia quaisquer perigo.<\/p>\n\n\n\n<p>Os pilotos tiveram alguma dificuldade para taxiar a Aeronave e acabaram parando e me perguntaram aonde.<\/p>\n\n\n\n<p>Eu lhes disse:_\u201caqui mesmo\u201d.<\/p>\n\n\n\n<p>Os pilotos da FAB estavam com receio de que o lixo met\u00e1lico na pista, pudessem danificar nossa aeronave. &nbsp;&nbsp;<\/p>\n\n\n\n<p>Eles, a partir da\u00ed, fizeram uma pequena licita\u00e7\u00e3o expedita para &nbsp;ver quem reabasteceria o C130 dentro dos 3 que se apresentaram.<\/p>\n\n\n\n<p>Pagaram, na hora, em d\u00f3lares.<\/p>\n\n\n\n<p>Por todos lados, sucatas e avi\u00f5es destru\u00eddos ou canibalizados.<\/p>\n\n\n\n<p>Peda\u00e7os de ca\u00e7as, avi\u00f5es de transporte, avi\u00f5es de passageiros,&nbsp; helic\u00f3pteros de origem russa estavam por todos lados.<\/p>\n\n\n\n<p>Nenhuma autoridade do aeroporto apareceu ou deu qualquer instru\u00e7\u00e3o.<\/p>\n\n\n\n<p>Ningu\u00e9m solicitou nossos passaportes, muito menos se interessou por visto.<\/p>\n\n\n\n<p>Parecia terra de ningu\u00e9m.<\/p>\n\n\n\n<p>Em Luanda fomos recebidos pelo ADIFA \/Angola, ADIFA\/\u00c1frica do Sul (em f\u00e9rias) e pela tropa brasileira que sem perder tempo come\u00e7ou a retirar da aeronave o suprimento que lhe cabia.<\/p>\n\n\n\n<p>Fomos instru\u00eddos pelo ADIFA, que al\u00e9m de n\u00e3o valer a pena, era perigoso sair sozinho \u00e0 noite em Luanda.<br>&nbsp;&nbsp;&nbsp;&nbsp;&nbsp;<br>Fomos alojados no Hotel Tr\u00f3pico (Alta qualidade no conceito Angola), a US$100,00 ou 21.000.000,00 de Kuanzas o pernoite.<\/p>\n\n\n\n<p>Grande problema ao entrar no quarto que me foi destinado.<\/p>\n\n\n\n<p>Ele j\u00e1 estava ocupado, e que odor.<\/p>\n\n\n\n<p>Ap\u00f3s o reparo do erro pela portaria, no novo quarto foi necess\u00e1rio desinfetar o banheiro.<\/p>\n\n\n\n<p>Os Oficiais da FAB utilizaram para banho a \u00e1gua mineral engarrafada no Brasil.&nbsp;&nbsp;&nbsp;&nbsp;&nbsp;&nbsp;&nbsp;<\/p>\n\n\n\n<p>\u00c0 noite, fomos recebidos socialmente com toda cortesia e amabilidade pelo ADIFA e senhora.<\/p>\n\n\n\n<p>Com apoio providenciado pelo ADIFA, fomos pela manh\u00e3 para o Aeroporto, aonde a aeronave j\u00e1 estava reabastecida.<\/p>\n\n\n\n<p>Decolamos, e ap\u00f3s 01:15 h de v\u00f4o, deixarmos o suprimento destinado a Huambo e seguirmos a perna final para Kuito com dura\u00e7\u00e3o de 40 minutos.<\/p>\n\n\n\n<p>\u00c0s 10:30 local aproximadamente chegamos a Kuito aonde recebemos as honras militares regulamentares pelo Btl Inf.<br>.<br>Segue 2\u00aa parte<br>.<br>(*) General-de-Brigada Engenheiro Militar Veterano, AMAN Mat Bel 67, Pqdt Militar, Mestre Salto, Guerra na Selva, Graduado (Eng Eletr\u00f4nica) e P\u00f3s-graduado MSc (Nuclear) pelo Instituto Militar de Engenharia (IME) e pela \u00c9cole Nationale Sup\u00e9rieure de l\u2019A\u00e9ronautique et l\u2019Espace (Fran\u00e7a) , diplomado pelo Curso de Pol\u00edtica, Estrat\u00e9gia e Alta Administra\u00e7\u00e3o do Ex\u00e9rcito (CPEAEx).<\/p>\n","protected":false},"excerpt":{"rendered":"<p>S\u00e9rie Sobre UNAVEM IIIPor Iber\u00ea Mariano da Silva (\u25aa)&nbsp;&nbsp; &nbsp;1\u00aa parte. Quando eu servia na SCT (Secretaria de Ci\u00eancia e Tecnologia), fui designado para uma miss\u00e3o do EMFA ( Estado Maior das For\u00e7as Armadas) em Angola. Passo agora a relatar sobre a mesma. Primeiro, vejamos que se tratava da terceira miss\u00e3o da ONU em Angola.&hellip;&nbsp;<a href=\"https:\/\/cvmarj.org.br\/site\/index.php\/2022\/09\/22\/lembranca-26-2\/\" class=\"\" rel=\"bookmark\">Ler mais &raquo;<span class=\"screen-reader-text\">Lembran\u00e7a 27<\/span><\/a><\/p>\n","protected":false},"author":1,"featured_media":4145,"comment_status":"closed","ping_status":"closed","sticky":false,"template":"","format":"standard","meta":{"neve_meta_sidebar":"full-width","neve_meta_container":"","neve_meta_enable_content_width":"","neve_meta_content_width":0,"neve_meta_title_alignment":"center","neve_meta_author_avatar":"","neve_post_elements_order":"[\"title\",\"meta\",\"content\",\"tags\",\"comments\"]","neve_meta_disable_header":"","neve_meta_disable_footer":"","neve_meta_disable_title":"","footnotes":""},"categories":[16],"tags":[],"_links":{"self":[{"href":"https:\/\/cvmarj.org.br\/site\/index.php\/wp-json\/wp\/v2\/posts\/4197"}],"collection":[{"href":"https:\/\/cvmarj.org.br\/site\/index.php\/wp-json\/wp\/v2\/posts"}],"about":[{"href":"https:\/\/cvmarj.org.br\/site\/index.php\/wp-json\/wp\/v2\/types\/post"}],"author":[{"embeddable":true,"href":"https:\/\/cvmarj.org.br\/site\/index.php\/wp-json\/wp\/v2\/users\/1"}],"replies":[{"embeddable":true,"href":"https:\/\/cvmarj.org.br\/site\/index.php\/wp-json\/wp\/v2\/comments?post=4197"}],"version-history":[{"count":2,"href":"https:\/\/cvmarj.org.br\/site\/index.php\/wp-json\/wp\/v2\/posts\/4197\/revisions"}],"predecessor-version":[{"id":4199,"href":"https:\/\/cvmarj.org.br\/site\/index.php\/wp-json\/wp\/v2\/posts\/4197\/revisions\/4199"}],"wp:featuredmedia":[{"embeddable":true,"href":"https:\/\/cvmarj.org.br\/site\/index.php\/wp-json\/wp\/v2\/media\/4145"}],"wp:attachment":[{"href":"https:\/\/cvmarj.org.br\/site\/index.php\/wp-json\/wp\/v2\/media?parent=4197"}],"wp:term":[{"taxonomy":"category","embeddable":true,"href":"https:\/\/cvmarj.org.br\/site\/index.php\/wp-json\/wp\/v2\/categories?post=4197"},{"taxonomy":"post_tag","embeddable":true,"href":"https:\/\/cvmarj.org.br\/site\/index.php\/wp-json\/wp\/v2\/tags?post=4197"}],"curies":[{"name":"wp","href":"https:\/\/api.w.org\/{rel}","templated":true}]}}