{"id":4250,"date":"2022-10-26T12:31:09","date_gmt":"2022-10-26T15:31:09","guid":{"rendered":"https:\/\/cvmarj.org.br\/site\/?p=4250"},"modified":"2022-10-26T12:31:10","modified_gmt":"2022-10-26T15:31:10","slug":"assembleia-geral-extraordinaria","status":"publish","type":"post","link":"https:\/\/cvmarj.org.br\/site\/index.php\/2022\/10\/26\/assembleia-geral-extraordinaria\/","title":{"rendered":"ASSEMBL\u00c9IA GERAL EXTRAORDIN\u00c1RIA"},"content":{"rendered":"\n<p>Bom dia.<br>No pr\u00f3ximo s\u00e1bado, 29\/10\/22, \u00e0 partir das 09:00 h, teremos ASSEMBL\u00c9IA GERAL EXTRAORDIN\u00c1RIA do CVMARJ, na sede em TUBIACANGA.<br>Todos os S\u00f3cios, est\u00e3o convocados.<br>O evento j\u00e1 foi amplamente divulgado, portanto, esperamos uma grande participa\u00e7\u00e3o de nossos membros.<br>Lembro que todos temos responsabilidades \u00e0 prestar nessa reuni\u00e3o, portanto m\u00e3os \u00e0 obra.<br>At.<br>S\u00e9rgio Capella.<br>Presidente do CVMARJ.<\/p>\n","protected":false},"excerpt":{"rendered":"<p>Bom dia.No pr\u00f3ximo s\u00e1bado, 29\/10\/22, \u00e0 partir das 09:00 h, teremos ASSEMBL\u00c9IA GERAL EXTRAORDIN\u00c1RIA do CVMARJ, na sede em TUBIACANGA.Todos os S\u00f3cios, est\u00e3o convocados.O evento j\u00e1 foi amplamente divulgado, portanto, esperamos uma grande participa\u00e7\u00e3o de nossos membros.Lembro que todos temos responsabilidades \u00e0 prestar nessa reuni\u00e3o, portanto m\u00e3os \u00e0 obra.At.S\u00e9rgio Capella.Presidente do CVMARJ.<\/p>\n","protected":false},"author":1,"featured_media":4251,"comment_status":"closed","ping_status":"closed","sticky":false,"template":"","format":"standard","meta":{"neve_meta_sidebar":"full-width","neve_meta_container":"","neve_meta_enable_content_width":"","neve_meta_content_width":0,"neve_meta_title_alignment":"center","neve_meta_author_avatar":"","neve_post_elements_order":"[\"title\",\"meta\",\"content\",\"tags\",\"comments\"]","neve_meta_disable_header":"","neve_meta_disable_footer":"","neve_meta_disable_title":"","footnotes":""},"categories":[9],"tags":[],"_links":{"self":[{"href":"https:\/\/cvmarj.org.br\/site\/index.php\/wp-json\/wp\/v2\/posts\/4250"}],"collection":[{"href":"https:\/\/cvmarj.org.br\/site\/index.php\/wp-json\/wp\/v2\/posts"}],"about":[{"href":"https:\/\/cvmarj.org.br\/site\/index.php\/wp-json\/wp\/v2\/types\/post"}],"author":[{"embeddable":true,"href":"https:\/\/cvmarj.org.br\/site\/index.php\/wp-json\/wp\/v2\/users\/1"}],"replies":[{"embeddable":true,"href":"https:\/\/cvmarj.org.br\/site\/index.php\/wp-json\/wp\/v2\/comments?post=4250"}],"version-history":[{"count":1,"href":"https:\/\/cvmarj.org.br\/site\/index.php\/wp-json\/wp\/v2\/posts\/4250\/revisions"}],"predecessor-version":[{"id":4252,"href":"https:\/\/cvmarj.org.br\/site\/index.php\/wp-json\/wp\/v2\/posts\/4250\/revisions\/4252"}],"wp:featuredmedia":[{"embeddable":true,"href":"https:\/\/cvmarj.org.br\/site\/index.php\/wp-json\/wp\/v2\/media\/4251"}],"wp:attachment":[{"href":"https:\/\/cvmarj.org.br\/site\/index.php\/wp-json\/wp\/v2\/media?parent=4250"}],"wp:term":[{"taxonomy":"category","embeddable":true,"href":"https:\/\/cvmarj.org.br\/site\/index.php\/wp-json\/wp\/v2\/categories?post=4250"},{"taxonomy":"post_tag","embeddable":true,"href":"https:\/\/cvmarj.org.br\/site\/index.php\/wp-json\/wp\/v2\/tags?post=4250"}],"curies":[{"name":"wp","href":"https:\/\/api.w.org\/{rel}","templated":true}]}}