{"id":4270,"date":"2022-11-02T12:59:20","date_gmt":"2022-11-02T15:59:20","guid":{"rendered":"https:\/\/cvmarj.org.br\/site\/?p=4270"},"modified":"2022-11-02T12:59:21","modified_gmt":"2022-11-02T15:59:21","slug":"nenhuma-atividade-oficial-do-cvmarj","status":"publish","type":"post","link":"https:\/\/cvmarj.org.br\/site\/index.php\/2022\/11\/02\/nenhuma-atividade-oficial-do-cvmarj\/","title":{"rendered":"Nenhuma atividade oficial do CVMARJ"},"content":{"rendered":"\n<p>Bom dia.<br>Infelizmente, n\u00e3o teremos nenhuma atividade oficial do CVMARJ, em novembro de 2022.<\/p>\n\n\n\n<p>Estamos avaliando o atual cen\u00e1rio brasileiro, n\u00e3o podemos expor nossas vtrs e pessoal, em atividades e deslocamentos pelas ruas e logradouros do Rio de Janeiro.<\/p>\n\n\n\n<p>At.<\/p>\n\n\n\n<p>S\u00e9rgio Capella.<br>Presidente do CVMARJ.<\/p>\n","protected":false},"excerpt":{"rendered":"<p>Bom dia.Infelizmente, n\u00e3o teremos nenhuma atividade oficial do CVMARJ, em novembro de 2022. Estamos avaliando o atual cen\u00e1rio brasileiro, n\u00e3o podemos expor nossas vtrs e pessoal, em atividades e deslocamentos pelas ruas e logradouros do Rio de Janeiro. At. S\u00e9rgio Capella.Presidente do CVMARJ.<\/p>\n","protected":false},"author":1,"featured_media":3884,"comment_status":"closed","ping_status":"closed","sticky":false,"template":"","format":"standard","meta":{"neve_meta_sidebar":"full-width","neve_meta_container":"","neve_meta_enable_content_width":"","neve_meta_content_width":0,"neve_meta_title_alignment":"center","neve_meta_author_avatar":"","neve_post_elements_order":"[\"title\",\"meta\",\"content\",\"tags\",\"comments\"]","neve_meta_disable_header":"","neve_meta_disable_footer":"","neve_meta_disable_title":"","footnotes":""},"categories":[9],"tags":[],"_links":{"self":[{"href":"https:\/\/cvmarj.org.br\/site\/index.php\/wp-json\/wp\/v2\/posts\/4270"}],"collection":[{"href":"https:\/\/cvmarj.org.br\/site\/index.php\/wp-json\/wp\/v2\/posts"}],"about":[{"href":"https:\/\/cvmarj.org.br\/site\/index.php\/wp-json\/wp\/v2\/types\/post"}],"author":[{"embeddable":true,"href":"https:\/\/cvmarj.org.br\/site\/index.php\/wp-json\/wp\/v2\/users\/1"}],"replies":[{"embeddable":true,"href":"https:\/\/cvmarj.org.br\/site\/index.php\/wp-json\/wp\/v2\/comments?post=4270"}],"version-history":[{"count":1,"href":"https:\/\/cvmarj.org.br\/site\/index.php\/wp-json\/wp\/v2\/posts\/4270\/revisions"}],"predecessor-version":[{"id":4271,"href":"https:\/\/cvmarj.org.br\/site\/index.php\/wp-json\/wp\/v2\/posts\/4270\/revisions\/4271"}],"wp:featuredmedia":[{"embeddable":true,"href":"https:\/\/cvmarj.org.br\/site\/index.php\/wp-json\/wp\/v2\/media\/3884"}],"wp:attachment":[{"href":"https:\/\/cvmarj.org.br\/site\/index.php\/wp-json\/wp\/v2\/media?parent=4270"}],"wp:term":[{"taxonomy":"category","embeddable":true,"href":"https:\/\/cvmarj.org.br\/site\/index.php\/wp-json\/wp\/v2\/categories?post=4270"},{"taxonomy":"post_tag","embeddable":true,"href":"https:\/\/cvmarj.org.br\/site\/index.php\/wp-json\/wp\/v2\/tags?post=4270"}],"curies":[{"name":"wp","href":"https:\/\/api.w.org\/{rel}","templated":true}]}}