{"id":4278,"date":"2022-11-16T21:40:53","date_gmt":"2022-11-17T00:40:53","guid":{"rendered":"https:\/\/cvmarj.org.br\/site\/?p=4278"},"modified":"2022-11-16T21:44:39","modified_gmt":"2022-11-17T00:44:39","slug":"1-encontro-de-veiculos-militares-de-tubiacanga","status":"publish","type":"post","link":"https:\/\/cvmarj.org.br\/site\/index.php\/2022\/11\/16\/1-encontro-de-veiculos-militares-de-tubiacanga\/","title":{"rendered":"1\u00b0 ENCONTRO DE VE\u00cdCULOS MILITARES DE TUBIACANGA."},"content":{"rendered":"\n<p>CONVITE ESPECIAL!<\/p>\n\n\n\n<p>O EVENTO SER\u00c1 REALIZADO NA SEDE DO CVMARJ, EM TUBIACANGA, ILHA DO GOVERNADOR, RJ, NA ESTRADA DE TUBIACANGA, N\u00b0 1.<\/p>\n\n\n\n<p>10\/12\/2022, S\u00c1BADO, IN\u00cdCIO \u00c0S 09:00 H!<\/p>\n\n\n\n<p>OBS:<br>V\u00c1RIAS ATRA\u00c7\u00d5ES, COMO VE\u00cdCULOS E MOTOS MILITARES, NOVOS E PRESERVADOS, VENDA DE MATERIAL DE MILITARIA, M\u00daSICA AMBIENTE, A\u00c7\u00d5ES SOCIAIS, PRESEN\u00c7A DE ASSOCIA\u00c7\u00d5ES DE VETERANOS, E MUITO MAIS.<\/p>\n\n\n\n<p>SEGUE V\u00cdDEO DO NOSSO 1\u00b0 ENCONTRO, REALIZADO NO FORTE DE COPACABANA, EM 2008.<\/p>\n\n\n\n<div class=\"wp-block-buttons is-layout-flex wp-block-buttons-is-layout-flex\">\n<div class=\"wp-block-button\"><a class=\"wp-block-button__link wp-element-button\" href=\"https:\/\/youtu.be\/OVWboOGzAMI\" target=\"_blank\" rel=\"noreferrer noopener\">clique aqui<\/a><\/div>\n<\/div>\n","protected":false},"excerpt":{"rendered":"<p>CONVITE ESPECIAL! O EVENTO SER\u00c1 REALIZADO NA SEDE DO CVMARJ, EM TUBIACANGA, ILHA DO GOVERNADOR, RJ, NA ESTRADA DE TUBIACANGA, N\u00b0 1. 10\/12\/2022, S\u00c1BADO, IN\u00cdCIO \u00c0S 09:00 H! OBS:V\u00c1RIAS ATRA\u00c7\u00d5ES, COMO VE\u00cdCULOS E MOTOS MILITARES, NOVOS E PRESERVADOS, VENDA DE MATERIAL DE MILITARIA, M\u00daSICA AMBIENTE, A\u00c7\u00d5ES SOCIAIS, PRESEN\u00c7A DE ASSOCIA\u00c7\u00d5ES DE VETERANOS, E MUITO MAIS.&hellip;&nbsp;<a href=\"https:\/\/cvmarj.org.br\/site\/index.php\/2022\/11\/16\/1-encontro-de-veiculos-militares-de-tubiacanga\/\" class=\"\" rel=\"bookmark\">Ler mais &raquo;<span class=\"screen-reader-text\">1\u00b0 ENCONTRO DE VE\u00cdCULOS MILITARES DE TUBIACANGA.<\/span><\/a><\/p>\n","protected":false},"author":1,"featured_media":4282,"comment_status":"closed","ping_status":"closed","sticky":false,"template":"","format":"standard","meta":{"neve_meta_sidebar":"full-width","neve_meta_container":"","neve_meta_enable_content_width":"","neve_meta_content_width":0,"neve_meta_title_alignment":"center","neve_meta_author_avatar":"","neve_post_elements_order":"[\"title\",\"meta\",\"content\",\"tags\",\"comments\"]","neve_meta_disable_header":"","neve_meta_disable_footer":"","neve_meta_disable_title":"","footnotes":""},"categories":[9],"tags":[],"_links":{"self":[{"href":"https:\/\/cvmarj.org.br\/site\/index.php\/wp-json\/wp\/v2\/posts\/4278"}],"collection":[{"href":"https:\/\/cvmarj.org.br\/site\/index.php\/wp-json\/wp\/v2\/posts"}],"about":[{"href":"https:\/\/cvmarj.org.br\/site\/index.php\/wp-json\/wp\/v2\/types\/post"}],"author":[{"embeddable":true,"href":"https:\/\/cvmarj.org.br\/site\/index.php\/wp-json\/wp\/v2\/users\/1"}],"replies":[{"embeddable":true,"href":"https:\/\/cvmarj.org.br\/site\/index.php\/wp-json\/wp\/v2\/comments?post=4278"}],"version-history":[{"count":2,"href":"https:\/\/cvmarj.org.br\/site\/index.php\/wp-json\/wp\/v2\/posts\/4278\/revisions"}],"predecessor-version":[{"id":4280,"href":"https:\/\/cvmarj.org.br\/site\/index.php\/wp-json\/wp\/v2\/posts\/4278\/revisions\/4280"}],"wp:featuredmedia":[{"embeddable":true,"href":"https:\/\/cvmarj.org.br\/site\/index.php\/wp-json\/wp\/v2\/media\/4282"}],"wp:attachment":[{"href":"https:\/\/cvmarj.org.br\/site\/index.php\/wp-json\/wp\/v2\/media?parent=4278"}],"wp:term":[{"taxonomy":"category","embeddable":true,"href":"https:\/\/cvmarj.org.br\/site\/index.php\/wp-json\/wp\/v2\/categories?post=4278"},{"taxonomy":"post_tag","embeddable":true,"href":"https:\/\/cvmarj.org.br\/site\/index.php\/wp-json\/wp\/v2\/tags?post=4278"}],"curies":[{"name":"wp","href":"https:\/\/api.w.org\/{rel}","templated":true}]}}