{"id":4289,"date":"2022-11-16T21:54:04","date_gmt":"2022-11-17T00:54:04","guid":{"rendered":"https:\/\/cvmarj.org.br\/site\/?p=4289"},"modified":"2022-11-16T21:54:40","modified_gmt":"2022-11-17T00:54:40","slug":"entrega-do-capacete-de-aco-do-clube","status":"publish","type":"post","link":"https:\/\/cvmarj.org.br\/site\/index.php\/2022\/11\/16\/entrega-do-capacete-de-aco-do-clube\/","title":{"rendered":"Entrega do Capacete de A\u00e7o do Clube"},"content":{"rendered":"\n<p>Hoje, 16\/11\/2022, quarta feira, ap\u00f3s a solenidade comemorativa da PROCLAMA\u00c7\u00c3O DA REP\u00daBLICA, no FORTE DE COPACABANA, estive na ESG, junto com o DIRETOR DE RELA\u00c7\u00d5ES P\u00daBLICAS do CVMARJ, Carlos Dias, para fazer a entrega do Capacete de A\u00e7o do Clube, ao GENERAL DE BRIGADA HIM\u00c1RIO, SUB CMT da ESCOLA SUPERIOR DE GUERRA.<\/p>\n\n\n\n<figure class=\"wp-block-gallery has-nested-images columns-default is-cropped wp-block-gallery-1 is-layout-flex wp-block-gallery-is-layout-flex\">\n<figure class=\"wp-block-image size-large\"><img fetchpriority=\"high\" decoding=\"async\" width=\"1024\" height=\"682\" data-id=\"4292\" src=\"https:\/\/cvmarj.org.br\/site\/wp-content\/uploads\/2022\/11\/eb76fa4d-dca5-4c3e-8877-2a2f3b5c314d-1-1024x682.jpg\" alt=\"\" class=\"wp-image-4292\" srcset=\"https:\/\/cvmarj.org.br\/site\/wp-content\/uploads\/2022\/11\/eb76fa4d-dca5-4c3e-8877-2a2f3b5c314d-1-1024x682.jpg 1024w, https:\/\/cvmarj.org.br\/site\/wp-content\/uploads\/2022\/11\/eb76fa4d-dca5-4c3e-8877-2a2f3b5c314d-1-300x200.jpg 300w, https:\/\/cvmarj.org.br\/site\/wp-content\/uploads\/2022\/11\/eb76fa4d-dca5-4c3e-8877-2a2f3b5c314d-1-768x512.jpg 768w, https:\/\/cvmarj.org.br\/site\/wp-content\/uploads\/2022\/11\/eb76fa4d-dca5-4c3e-8877-2a2f3b5c314d-1-930x620.jpg 930w, https:\/\/cvmarj.org.br\/site\/wp-content\/uploads\/2022\/11\/eb76fa4d-dca5-4c3e-8877-2a2f3b5c314d-1.jpg 1280w\" sizes=\"(max-width: 1024px) 100vw, 1024px\" \/><\/figure>\n<\/figure>\n","protected":false},"excerpt":{"rendered":"<p>Hoje, 16\/11\/2022, quarta feira, ap\u00f3s a solenidade comemorativa da PROCLAMA\u00c7\u00c3O DA REP\u00daBLICA, no FORTE DE COPACABANA, estive na ESG, junto com o DIRETOR DE RELA\u00c7\u00d5ES P\u00daBLICAS do CVMARJ, Carlos Dias, para fazer a entrega do Capacete de A\u00e7o do Clube, ao GENERAL DE BRIGADA HIM\u00c1RIO, SUB CMT da ESCOLA SUPERIOR DE GUERRA.<\/p>\n","protected":false},"author":1,"featured_media":4290,"comment_status":"closed","ping_status":"closed","sticky":false,"template":"","format":"standard","meta":{"neve_meta_sidebar":"full-width","neve_meta_container":"","neve_meta_enable_content_width":"","neve_meta_content_width":0,"neve_meta_title_alignment":"center","neve_meta_author_avatar":"","neve_post_elements_order":"[\"title\",\"meta\",\"content\",\"tags\",\"comments\"]","neve_meta_disable_header":"","neve_meta_disable_footer":"","neve_meta_disable_title":"","footnotes":""},"categories":[9],"tags":[],"_links":{"self":[{"href":"https:\/\/cvmarj.org.br\/site\/index.php\/wp-json\/wp\/v2\/posts\/4289"}],"collection":[{"href":"https:\/\/cvmarj.org.br\/site\/index.php\/wp-json\/wp\/v2\/posts"}],"about":[{"href":"https:\/\/cvmarj.org.br\/site\/index.php\/wp-json\/wp\/v2\/types\/post"}],"author":[{"embeddable":true,"href":"https:\/\/cvmarj.org.br\/site\/index.php\/wp-json\/wp\/v2\/users\/1"}],"replies":[{"embeddable":true,"href":"https:\/\/cvmarj.org.br\/site\/index.php\/wp-json\/wp\/v2\/comments?post=4289"}],"version-history":[{"count":2,"href":"https:\/\/cvmarj.org.br\/site\/index.php\/wp-json\/wp\/v2\/posts\/4289\/revisions"}],"predecessor-version":[{"id":4293,"href":"https:\/\/cvmarj.org.br\/site\/index.php\/wp-json\/wp\/v2\/posts\/4289\/revisions\/4293"}],"wp:featuredmedia":[{"embeddable":true,"href":"https:\/\/cvmarj.org.br\/site\/index.php\/wp-json\/wp\/v2\/media\/4290"}],"wp:attachment":[{"href":"https:\/\/cvmarj.org.br\/site\/index.php\/wp-json\/wp\/v2\/media?parent=4289"}],"wp:term":[{"taxonomy":"category","embeddable":true,"href":"https:\/\/cvmarj.org.br\/site\/index.php\/wp-json\/wp\/v2\/categories?post=4289"},{"taxonomy":"post_tag","embeddable":true,"href":"https:\/\/cvmarj.org.br\/site\/index.php\/wp-json\/wp\/v2\/tags?post=4289"}],"curies":[{"name":"wp","href":"https:\/\/api.w.org\/{rel}","templated":true}]}}