{"id":677,"date":"2021-03-06T12:44:08","date_gmt":"2021-03-06T15:44:08","guid":{"rendered":"http:\/\/cvmarj.org.br\/site\/?p=677"},"modified":"2021-03-06T17:30:21","modified_gmt":"2021-03-06T20:30:21","slug":"marco-2021","status":"publish","type":"post","link":"https:\/\/cvmarj.org.br\/site\/index.php\/2021\/03\/06\/marco-2021\/","title":{"rendered":"Mar\u00e7o 2021"},"content":{"rendered":"\t\t<div data-elementor-type=\"wp-post\" data-elementor-id=\"677\" class=\"elementor elementor-677\" data-elementor-settings=\"{&quot;ha_cmc_init_switcher&quot;:&quot;no&quot;}\">\n\t\t\t\t\t\t<section class=\"elementor-section elementor-top-section elementor-element elementor-element-45a3361b elementor-section-boxed elementor-section-height-default elementor-section-height-default\" data-id=\"45a3361b\" data-element_type=\"section\" data-settings=\"{&quot;_ha_eqh_enable&quot;:false}\">\n\t\t\t\t\t\t<div class=\"elementor-container elementor-column-gap-default\">\n\t\t\t\t\t<div class=\"elementor-column elementor-col-100 elementor-top-column elementor-element elementor-element-282a4d1b\" data-id=\"282a4d1b\" data-element_type=\"column\">\n\t\t\t<div class=\"elementor-widget-wrap elementor-element-populated\">\n\t\t\t\t\t\t<div class=\"elementor-element elementor-element-38f2694c elementor-widget elementor-widget-text-editor\" data-id=\"38f2694c\" data-element_type=\"widget\" data-widget_type=\"text-editor.default\">\n\t\t\t\t<div class=\"elementor-widget-container\">\n\t\t\t\t\t\t\t\t\t<p><\/p>\n<p>Boa tarde.<br><\/p>\n<h4>Estamos <b>CANCELANDO<\/b> as atividades abaixo, em fun\u00e7\u00e3o do agravamento da pandemia do Corona Virus:<\/h4>\n<p><\/p>\n<p>* 06\/03\/21: PORT\u00d5ES ABERTOS DO CVMARJ, EM TUBIACANGA.<\/p>\n<p>* 10\/03\/21: EXPOSI\u00c7\u00c3O NO REGIMENTO SAMPAIO.<\/p>\n<p>* 13\/03\/21: REUNI\u00c3O DA DIRETORIA E CONSELHO ELEITOS, NA SEDE DO CLUBE.<\/p>\n<p>* 21\/03\/21:EXPOSI\u00c7\u00c3O NO MUSEU MILITAR CONDE DE LINHARES, EM S\u00c3O CRIST\u00d3V\u00c3O.<\/p>\n<p>SOMOS CVMARJ!<\/p>\n<p>VAMOS EM FRENTE!<\/p>\n<p>At.<\/p>\n<p>S\u00e9rgio Capella.<br>Presidente do CVMARJ.<\/p>\n<p><br><\/p>\n<p><br><\/p>\n<p><\/p>\t\t\t\t\t\t\t\t<\/div>\n\t\t\t\t<\/div>\n\t\t\t\t\t<\/div>\n\t\t<\/div>\n\t\t\t\t\t<\/div>\n\t\t<\/section>\n\t\t\t\t<\/div>\n\t\t","protected":false},"excerpt":{"rendered":"<p>Boa tarde. Estamos CANCELANDO as atividades abaixo, em fun\u00e7\u00e3o do agravamento da pandemia do Corona Virus: * 06\/03\/21: PORT\u00d5ES ABERTOS DO CVMARJ, EM TUBIACANGA. * 10\/03\/21: EXPOSI\u00c7\u00c3O NO REGIMENTO SAMPAIO. * 13\/03\/21: REUNI\u00c3O DA DIRETORIA E CONSELHO ELEITOS, NA SEDE DO CLUBE. * 21\/03\/21:EXPOSI\u00c7\u00c3O NO MUSEU MILITAR CONDE DE LINHARES, EM S\u00c3O CRIST\u00d3V\u00c3O. SOMOS CVMARJ!&hellip;&nbsp;<a href=\"https:\/\/cvmarj.org.br\/site\/index.php\/2021\/03\/06\/marco-2021\/\" class=\"\" rel=\"bookmark\">Ler mais &raquo;<span class=\"screen-reader-text\">Mar\u00e7o 2021<\/span><\/a><\/p>\n","protected":false},"author":1,"featured_media":0,"comment_status":"closed","ping_status":"closed","sticky":false,"template":"","format":"standard","meta":{"neve_meta_sidebar":"","neve_meta_container":"","neve_meta_enable_content_width":"","neve_meta_content_width":0,"neve_meta_title_alignment":"","neve_meta_author_avatar":"","neve_post_elements_order":"[\"content\"]","neve_meta_disable_header":"","neve_meta_disable_footer":"","neve_meta_disable_title":"","footnotes":""},"categories":[7],"tags":[],"_links":{"self":[{"href":"https:\/\/cvmarj.org.br\/site\/index.php\/wp-json\/wp\/v2\/posts\/677"}],"collection":[{"href":"https:\/\/cvmarj.org.br\/site\/index.php\/wp-json\/wp\/v2\/posts"}],"about":[{"href":"https:\/\/cvmarj.org.br\/site\/index.php\/wp-json\/wp\/v2\/types\/post"}],"author":[{"embeddable":true,"href":"https:\/\/cvmarj.org.br\/site\/index.php\/wp-json\/wp\/v2\/users\/1"}],"replies":[{"embeddable":true,"href":"https:\/\/cvmarj.org.br\/site\/index.php\/wp-json\/wp\/v2\/comments?post=677"}],"version-history":[{"count":9,"href":"https:\/\/cvmarj.org.br\/site\/index.php\/wp-json\/wp\/v2\/posts\/677\/revisions"}],"predecessor-version":[{"id":763,"href":"https:\/\/cvmarj.org.br\/site\/index.php\/wp-json\/wp\/v2\/posts\/677\/revisions\/763"}],"wp:attachment":[{"href":"https:\/\/cvmarj.org.br\/site\/index.php\/wp-json\/wp\/v2\/media?parent=677"}],"wp:term":[{"taxonomy":"category","embeddable":true,"href":"https:\/\/cvmarj.org.br\/site\/index.php\/wp-json\/wp\/v2\/categories?post=677"},{"taxonomy":"post_tag","embeddable":true,"href":"https:\/\/cvmarj.org.br\/site\/index.php\/wp-json\/wp\/v2\/tags?post=677"}],"curies":[{"name":"wp","href":"https:\/\/api.w.org\/{rel}","templated":true}]}}