{"id":715,"date":"2021-03-06T15:30:36","date_gmt":"2021-03-06T18:30:36","guid":{"rendered":"http:\/\/cvmarj.org.br\/site\/?p=715"},"modified":"2021-03-06T15:30:40","modified_gmt":"2021-03-06T18:30:40","slug":"alison-paese","status":"publish","type":"post","link":"https:\/\/cvmarj.org.br\/site\/index.php\/2021\/03\/06\/alison-paese\/","title":{"rendered":"Alison Paese"},"content":{"rendered":"\n<p><\/p>\n\n\n\n<p>NOME: Alisson Paese<br>S\u00d3CIO N.: 34<br>JEEP MARCA: Willys Overland do Brasil<br>MODELO: 5224 (CJ-5) Militar<br>COR: Verde<br>ANO: 1967<br>PLACA: * **82<br>IDENTIFICA\u00c7\u00c3O: Pertenceu ao 8. BIMtz Batalh\u00e3o de Infantaria Motorizado<\/p>\n\n\n\n<figure class=\"wp-block-gallery columns-3 is-cropped wp-block-gallery-1 is-layout-flex wp-block-gallery-is-layout-flex\"><ul class=\"blocks-gallery-grid\"><li class=\"blocks-gallery-item\"><figure><img fetchpriority=\"high\" decoding=\"async\" width=\"1024\" height=\"1024\" src=\"http:\/\/cvmarj.org.br\/site\/wp-content\/uploads\/2021\/03\/7aa0d120-7a87-45b4-ba5f-004ee87296ef-1024x1024.jpg\" alt=\"\" data-id=\"717\" data-full-url=\"http:\/\/cvmarj.org.br\/site\/wp-content\/uploads\/2021\/03\/7aa0d120-7a87-45b4-ba5f-004ee87296ef.jpg\" data-link=\"http:\/\/cvmarj.org.br\/site\/?attachment_id=717\" class=\"wp-image-717\" srcset=\"https:\/\/cvmarj.org.br\/site\/wp-content\/uploads\/2021\/03\/7aa0d120-7a87-45b4-ba5f-004ee87296ef-1024x1024.jpg 1024w, https:\/\/cvmarj.org.br\/site\/wp-content\/uploads\/2021\/03\/7aa0d120-7a87-45b4-ba5f-004ee87296ef-300x300.jpg 300w, https:\/\/cvmarj.org.br\/site\/wp-content\/uploads\/2021\/03\/7aa0d120-7a87-45b4-ba5f-004ee87296ef-150x150.jpg 150w, https:\/\/cvmarj.org.br\/site\/wp-content\/uploads\/2021\/03\/7aa0d120-7a87-45b4-ba5f-004ee87296ef-768x768.jpg 768w, https:\/\/cvmarj.org.br\/site\/wp-content\/uploads\/2021\/03\/7aa0d120-7a87-45b4-ba5f-004ee87296ef.jpg 1280w\" sizes=\"(max-width: 1024px) 100vw, 1024px\" \/><\/figure><\/li><li class=\"blocks-gallery-item\"><figure><img decoding=\"async\" width=\"723\" height=\"724\" src=\"http:\/\/cvmarj.org.br\/site\/wp-content\/uploads\/2021\/03\/19c2c6b7-6976-4285-9655-57e5d92f7c41.jpg\" alt=\"\" data-id=\"718\" data-full-url=\"http:\/\/cvmarj.org.br\/site\/wp-content\/uploads\/2021\/03\/19c2c6b7-6976-4285-9655-57e5d92f7c41.jpg\" data-link=\"http:\/\/cvmarj.org.br\/site\/?attachment_id=718\" class=\"wp-image-718\" srcset=\"https:\/\/cvmarj.org.br\/site\/wp-content\/uploads\/2021\/03\/19c2c6b7-6976-4285-9655-57e5d92f7c41.jpg 723w, https:\/\/cvmarj.org.br\/site\/wp-content\/uploads\/2021\/03\/19c2c6b7-6976-4285-9655-57e5d92f7c41-300x300.jpg 300w, https:\/\/cvmarj.org.br\/site\/wp-content\/uploads\/2021\/03\/19c2c6b7-6976-4285-9655-57e5d92f7c41-150x150.jpg 150w\" sizes=\"(max-width: 723px) 100vw, 723px\" \/><\/figure><\/li><li class=\"blocks-gallery-item\"><figure><img decoding=\"async\" width=\"1024\" height=\"768\" src=\"http:\/\/cvmarj.org.br\/site\/wp-content\/uploads\/2021\/03\/e093449c-52bb-4db3-9547-9ff46379a844-1024x768.jpg\" alt=\"\" data-id=\"719\" data-full-url=\"http:\/\/cvmarj.org.br\/site\/wp-content\/uploads\/2021\/03\/e093449c-52bb-4db3-9547-9ff46379a844.jpg\" data-link=\"http:\/\/cvmarj.org.br\/site\/?attachment_id=719\" class=\"wp-image-719\" srcset=\"https:\/\/cvmarj.org.br\/site\/wp-content\/uploads\/2021\/03\/e093449c-52bb-4db3-9547-9ff46379a844-1024x768.jpg 1024w, https:\/\/cvmarj.org.br\/site\/wp-content\/uploads\/2021\/03\/e093449c-52bb-4db3-9547-9ff46379a844-300x225.jpg 300w, https:\/\/cvmarj.org.br\/site\/wp-content\/uploads\/2021\/03\/e093449c-52bb-4db3-9547-9ff46379a844-768x576.jpg 768w, https:\/\/cvmarj.org.br\/site\/wp-content\/uploads\/2021\/03\/e093449c-52bb-4db3-9547-9ff46379a844.jpg 1040w\" sizes=\"(max-width: 1024px) 100vw, 1024px\" \/><\/figure><\/li><li class=\"blocks-gallery-item\"><figure><img decoding=\"async\" src=\"blob:http:\/\/cvmarj.org.br\/1e6daa67-9c94-4867-9f3f-bbafaa7f301b\" data-id=\"\"\/><\/figure><\/li><\/ul><\/figure>\n","protected":false},"excerpt":{"rendered":"<p>NOME: Alisson PaeseS\u00d3CIO N.: 34JEEP MARCA: Willys Overland do BrasilMODELO: 5224 (CJ-5) MilitarCOR: VerdeANO: 1967PLACA: * **82IDENTIFICA\u00c7\u00c3O: Pertenceu ao 8. BIMtz Batalh\u00e3o de Infantaria Motorizado<\/p>\n","protected":false},"author":1,"featured_media":716,"comment_status":"closed","ping_status":"closed","sticky":false,"template":"","format":"standard","meta":{"neve_meta_sidebar":"full-width","neve_meta_container":"","neve_meta_enable_content_width":"","neve_meta_content_width":0,"neve_meta_title_alignment":"","neve_meta_author_avatar":"off","neve_post_elements_order":"[\"thumbnail\",\"content\",\"tags\",\"comments\",\"title\",\"meta\",\"post-navigation\"]","neve_meta_disable_header":"","neve_meta_disable_footer":"on","neve_meta_disable_title":"","footnotes":""},"categories":[4],"tags":[],"_links":{"self":[{"href":"https:\/\/cvmarj.org.br\/site\/index.php\/wp-json\/wp\/v2\/posts\/715"}],"collection":[{"href":"https:\/\/cvmarj.org.br\/site\/index.php\/wp-json\/wp\/v2\/posts"}],"about":[{"href":"https:\/\/cvmarj.org.br\/site\/index.php\/wp-json\/wp\/v2\/types\/post"}],"author":[{"embeddable":true,"href":"https:\/\/cvmarj.org.br\/site\/index.php\/wp-json\/wp\/v2\/users\/1"}],"replies":[{"embeddable":true,"href":"https:\/\/cvmarj.org.br\/site\/index.php\/wp-json\/wp\/v2\/comments?post=715"}],"version-history":[{"count":1,"href":"https:\/\/cvmarj.org.br\/site\/index.php\/wp-json\/wp\/v2\/posts\/715\/revisions"}],"predecessor-version":[{"id":721,"href":"https:\/\/cvmarj.org.br\/site\/index.php\/wp-json\/wp\/v2\/posts\/715\/revisions\/721"}],"wp:featuredmedia":[{"embeddable":true,"href":"https:\/\/cvmarj.org.br\/site\/index.php\/wp-json\/wp\/v2\/media\/716"}],"wp:attachment":[{"href":"https:\/\/cvmarj.org.br\/site\/index.php\/wp-json\/wp\/v2\/media?parent=715"}],"wp:term":[{"taxonomy":"category","embeddable":true,"href":"https:\/\/cvmarj.org.br\/site\/index.php\/wp-json\/wp\/v2\/categories?post=715"},{"taxonomy":"post_tag","embeddable":true,"href":"https:\/\/cvmarj.org.br\/site\/index.php\/wp-json\/wp\/v2\/tags?post=715"}],"curies":[{"name":"wp","href":"https:\/\/api.w.org\/{rel}","templated":true}]}}