{"id":722,"date":"2021-03-06T15:40:13","date_gmt":"2021-03-06T18:40:13","guid":{"rendered":"http:\/\/cvmarj.org.br\/site\/?p=722"},"modified":"2021-03-06T15:40:16","modified_gmt":"2021-03-06T18:40:16","slug":"dario-da-silva","status":"publish","type":"post","link":"https:\/\/cvmarj.org.br\/site\/index.php\/2021\/03\/06\/dario-da-silva\/","title":{"rendered":"Dario da Silva"},"content":{"rendered":"\n<p><\/p>\n\n\n\n<ul><li>NOME: Dario da Silva<\/li><li>S\u00d3CIO N\u00b0: 114<\/li><li>JEEP MARCA: caminh\u00e3o engesa<\/li><li>MODELO: EE- 25<\/li><li>COR: verde<\/li><li>ANO: 87<\/li><li>PLACA: preta LON- 8708<\/li><li>IDENTIFICA\u00c7\u00c3O: viatura militar<\/li><\/ul>\n\n\n\n<figure class=\"wp-block-gallery columns-3 is-cropped wp-block-gallery-1 is-layout-flex wp-block-gallery-is-layout-flex\"><ul class=\"blocks-gallery-grid\"><li class=\"blocks-gallery-item\"><figure><img fetchpriority=\"high\" decoding=\"async\" width=\"768\" height=\"1024\" src=\"http:\/\/cvmarj.org.br\/site\/wp-content\/uploads\/2021\/03\/012ef24d-890e-47b0-a511-67a80a9cf3ef-768x1024.jpg\" alt=\"\" data-id=\"724\" data-full-url=\"http:\/\/cvmarj.org.br\/site\/wp-content\/uploads\/2021\/03\/012ef24d-890e-47b0-a511-67a80a9cf3ef.jpg\" data-link=\"http:\/\/cvmarj.org.br\/site\/?attachment_id=724\" class=\"wp-image-724\" srcset=\"https:\/\/cvmarj.org.br\/site\/wp-content\/uploads\/2021\/03\/012ef24d-890e-47b0-a511-67a80a9cf3ef-768x1024.jpg 768w, https:\/\/cvmarj.org.br\/site\/wp-content\/uploads\/2021\/03\/012ef24d-890e-47b0-a511-67a80a9cf3ef-225x300.jpg 225w, https:\/\/cvmarj.org.br\/site\/wp-content\/uploads\/2021\/03\/012ef24d-890e-47b0-a511-67a80a9cf3ef.jpg 780w\" sizes=\"(max-width: 768px) 100vw, 768px\" \/><\/figure><\/li><li class=\"blocks-gallery-item\"><figure><img decoding=\"async\" width=\"727\" height=\"600\" src=\"http:\/\/cvmarj.org.br\/site\/wp-content\/uploads\/2021\/03\/f49a2f6e-2e9a-4709-ac92-df3fa309757f.jpg\" alt=\"\" data-id=\"725\" data-full-url=\"http:\/\/cvmarj.org.br\/site\/wp-content\/uploads\/2021\/03\/f49a2f6e-2e9a-4709-ac92-df3fa309757f.jpg\" data-link=\"http:\/\/cvmarj.org.br\/site\/?attachment_id=725\" class=\"wp-image-725\" srcset=\"https:\/\/cvmarj.org.br\/site\/wp-content\/uploads\/2021\/03\/f49a2f6e-2e9a-4709-ac92-df3fa309757f.jpg 727w, https:\/\/cvmarj.org.br\/site\/wp-content\/uploads\/2021\/03\/f49a2f6e-2e9a-4709-ac92-df3fa309757f-300x248.jpg 300w\" sizes=\"(max-width: 727px) 100vw, 727px\" \/><\/figure><\/li><li class=\"blocks-gallery-item\"><figure><img decoding=\"async\" width=\"606\" height=\"838\" src=\"http:\/\/cvmarj.org.br\/site\/wp-content\/uploads\/2021\/03\/sds.jpg\" alt=\"\" data-id=\"726\" data-full-url=\"http:\/\/cvmarj.org.br\/site\/wp-content\/uploads\/2021\/03\/sds.jpg\" data-link=\"http:\/\/cvmarj.org.br\/site\/?attachment_id=726\" class=\"wp-image-726\" srcset=\"https:\/\/cvmarj.org.br\/site\/wp-content\/uploads\/2021\/03\/sds.jpg 606w, https:\/\/cvmarj.org.br\/site\/wp-content\/uploads\/2021\/03\/sds-217x300.jpg 217w\" sizes=\"(max-width: 606px) 100vw, 606px\" \/><\/figure><\/li><\/ul><\/figure>\n","protected":false},"excerpt":{"rendered":"<p>NOME: Dario da Silva S\u00d3CIO N\u00b0: 114 JEEP MARCA: caminh\u00e3o engesa MODELO: EE- 25 COR: verde ANO: 87 PLACA: preta LON- 8708 IDENTIFICA\u00c7\u00c3O: viatura militar<\/p>\n","protected":false},"author":1,"featured_media":723,"comment_status":"closed","ping_status":"closed","sticky":false,"template":"","format":"standard","meta":{"neve_meta_sidebar":"full-width","neve_meta_container":"","neve_meta_enable_content_width":"","neve_meta_content_width":0,"neve_meta_title_alignment":"","neve_meta_author_avatar":"off","neve_post_elements_order":"[\"thumbnail\",\"content\",\"tags\",\"comments\",\"title\",\"meta\",\"post-navigation\"]","neve_meta_disable_header":"","neve_meta_disable_footer":"on","neve_meta_disable_title":"","footnotes":""},"categories":[4],"tags":[],"_links":{"self":[{"href":"https:\/\/cvmarj.org.br\/site\/index.php\/wp-json\/wp\/v2\/posts\/722"}],"collection":[{"href":"https:\/\/cvmarj.org.br\/site\/index.php\/wp-json\/wp\/v2\/posts"}],"about":[{"href":"https:\/\/cvmarj.org.br\/site\/index.php\/wp-json\/wp\/v2\/types\/post"}],"author":[{"embeddable":true,"href":"https:\/\/cvmarj.org.br\/site\/index.php\/wp-json\/wp\/v2\/users\/1"}],"replies":[{"embeddable":true,"href":"https:\/\/cvmarj.org.br\/site\/index.php\/wp-json\/wp\/v2\/comments?post=722"}],"version-history":[{"count":1,"href":"https:\/\/cvmarj.org.br\/site\/index.php\/wp-json\/wp\/v2\/posts\/722\/revisions"}],"predecessor-version":[{"id":727,"href":"https:\/\/cvmarj.org.br\/site\/index.php\/wp-json\/wp\/v2\/posts\/722\/revisions\/727"}],"wp:featuredmedia":[{"embeddable":true,"href":"https:\/\/cvmarj.org.br\/site\/index.php\/wp-json\/wp\/v2\/media\/723"}],"wp:attachment":[{"href":"https:\/\/cvmarj.org.br\/site\/index.php\/wp-json\/wp\/v2\/media?parent=722"}],"wp:term":[{"taxonomy":"category","embeddable":true,"href":"https:\/\/cvmarj.org.br\/site\/index.php\/wp-json\/wp\/v2\/categories?post=722"},{"taxonomy":"post_tag","embeddable":true,"href":"https:\/\/cvmarj.org.br\/site\/index.php\/wp-json\/wp\/v2\/tags?post=722"}],"curies":[{"name":"wp","href":"https:\/\/api.w.org\/{rel}","templated":true}]}}